{"id":587,"date":"2026-08-24T18:30:03","date_gmt":"2026-08-24T18:30:03","guid":{"rendered":"https:\/\/www.retetvitalia.it\/news\/?p=587"},"modified":"2026-08-24T18:30:04","modified_gmt":"2026-08-24T18:30:04","slug":"sagra-della-porchetta-italica-di-campli-55a-edizione-da-record","status":"publish","type":"post","link":"https:\/\/www.retetvitalia.it\/news\/2026\/08\/24\/sagra-della-porchetta-italica-di-campli-55a-edizione-da-record\/","title":{"rendered":"Sagra della Porchetta Italica di Campli 55\u00aa Edizione da record"},"content":{"rendered":"\n<p class=\"has-medium-font-size wp-block-paragraph\"><strong>Sagra della Porchetta Italica di Campli, si \u00e8 conclusa in un clima di straordinario entusiasmo la 55\u00aa edizione. <\/strong><\/p>\n\n\n\n<p class=\"has-medium-font-size wp-block-paragraph\">Una delle manifestazioni gastronomiche pi\u00f9 prestigiose del Centro Italia e, sempre di pi\u00f9, un vero e proprio simbolo dell\u2019Abruzzo.<\/p>\n\n\n\n<p class=\"wp-block-paragraph\">Quella appena terminata \u00e8 stata una delle edizioni pi\u00f9 partecipate in assoluto, con sei serate consecutive di pienone che hanno trasformato il centro storico di Campli in un grande luogo di festa, incontro e condivisione.<\/p>\n\n\n\n<p class=\"wp-block-paragraph\">Migliaia di visitatori hanno animato ogni sera le piazze e le vie del borgo, confermando la forza attrattiva di un evento che continua a crescere anno dopo anno. Un successo reso ancora pi\u00f9 significativo dalla presenza sempre maggiore di pubblico proveniente da fuori regione, segnale evidente di una manifestazione che sta ormai superando i confini abruzzesi e conquistando una visibilit\u00e0 crescente a livello nazionale.<\/p>\n\n\n\n<p class=\"wp-block-paragraph\">La Sagra della Porchetta Italica si conferma cos\u00ec non soltanto come uno degli appuntamenti pi\u00f9 attesi dell\u2019estate abruzzese, ma come un autentico ambasciatore del territorio: una manifestazione capace di raccontare, attraverso la gastronomia, l\u2019identit\u00e0, l\u2019ospitalit\u00e0 e le tradizioni dell\u2019Abruzzo a un pubblico sempre pi\u00f9 vasto.<\/p>\n\n\n\n<p class=\"wp-block-paragraph\">Grande protagonista dell\u2019evento \u00e8 stata naturalmente la Porchetta Italica di Campli, espressione di una tradizione artigianale tramandata da generazioni e celebrata attraverso una competizione che, anche quest\u2019anno, ha messo in evidenza l\u2019altissimo livello dei maestri porchettai in gara.<\/p>\n\n\n\n<p class=\"wp-block-paragraph\">La serata conclusiva ha regalato un verdetto particolarmente significativo: Fulvio Pallotta di Campli e Nicolino Mercurii di Colledara hanno conquistato a pari merito il primo posto assoluto, chiudendo la competizione con la stessa media voto di 8,17, calcolata sulla base delle valutazioni espresse dalle quattro giurie.<\/p>\n\n\n\n<p class=\"wp-block-paragraph\">Al secondo posto si \u00e8 classificato Viro Galli\u00e8 di Nereto, mentre il terzo posto \u00e8 andato a Lucio Di Stefano di Colledara.<\/p>\n\n\n\n<p class=\"wp-block-paragraph\">A Fulvio Pallotta \u00e8 stato inoltre assegnato il prestigioso Premio Speciale della Critica \u201cProf. Nicola Biagio Natali\u201d, mentre Nicolino Mercurii ha conquistato il Premio della Giuria Social, composta da autorevoli influencer e protagonisti della comunicazione digitale.<\/p>\n\n\n\n<p class=\"wp-block-paragraph\">Il risultato finale ha confermato ancora una volta l\u2019elevatissima qualit\u00e0 della competizione e la grande maestria degli artigiani partecipanti, protagonisti di una sfida equilibrata e di altissimo livello.<\/p>\n\n\n\n<p class=\"wp-block-paragraph\">Tra le novit\u00e0 pi\u00f9 apprezzate di questa 55\u00aa edizione anche l\u2019introduzione, per la prima volta, di un\u2019offerta gluten free.<\/p>\n\n\n\n<p class=\"wp-block-paragraph\">Una scelta fortemente voluta dall\u2019organizzazione per rispondere alle numerose richieste avanzate negli ultimi anni dai visitatori e rendere la manifestazione sempre pi\u00f9 inclusiva e accessibile. La novit\u00e0 ha riscosso un ottimo successo, dimostrando come la Sagra sappia evolversi e innovarsi senza perdere il legame con le proprie radici.<\/p>\n\n\n\n<figure class=\"wp-block-image size-full\"><img loading=\"lazy\" decoding=\"async\" width=\"1024\" height=\"683\" src=\"https:\/\/www.retetvitalia.it\/news\/wp-content\/uploads\/2026\/08\/Sagra-della-Porchetta-Campli-2026-55-Edizione.jpg\" alt=\"\" class=\"wp-image-589\" srcset=\"https:\/\/www.retetvitalia.it\/news\/wp-content\/uploads\/2026\/08\/Sagra-della-Porchetta-Campli-2026-55-Edizione.jpg 1024w, https:\/\/www.retetvitalia.it\/news\/wp-content\/uploads\/2026\/08\/Sagra-della-Porchetta-Campli-2026-55-Edizione-300x200.jpg 300w, https:\/\/www.retetvitalia.it\/news\/wp-content\/uploads\/2026\/08\/Sagra-della-Porchetta-Campli-2026-55-Edizione-768x512.jpg 768w\" sizes=\"auto, (max-width: 1024px) 100vw, 1024px\" \/><\/figure>\n\n\n\n<p class=\"wp-block-paragraph\">Accanto alla competizione gastronomica, grande successo anche per il programma di spettacoli e intrattenimento. Le serate dance in Piazza Vittorio Emanuele II hanno contribuito a creare un\u2019atmosfera di festa capace di coinvolgere migliaia di persone, trasformando ogni sera il cuore di Campli in una grande piazza della musica, del divertimento e della convivialit\u00e0.<\/p>\n\n\n\n<p class=\"wp-block-paragraph\">Il risultato raggiunto \u00e8 frutto della sinergia tra la Pro Loco Citt\u00e0 di Campli, il Comune di Campli, i maestri porchettai, gli sponsor, le associazioni del territorio, i volontari e tutte le persone che hanno contribuito alla realizzazione dell\u2019evento.<\/p>\n\n\n\n<p class=\"wp-block-paragraph\">La 55\u00aa edizione lascia dunque un\u2019immagine forte e inequivocabile: una Campli gremita per sei sere consecutive, una partecipazione straordinaria e una Sagra capace di richiamare sempre pi\u00f9 visitatori anche da altre regioni italiane.<\/p>\n\n\n\n<p class=\"wp-block-paragraph\">Numeri e presenze che confermano un percorso di crescita ormai evidente e che proiettano la manifestazione sempre pi\u00f9 chiaramente nel panorama dei grandi eventi enogastronomici italiani.<\/p>\n\n\n\n<p class=\"wp-block-paragraph\">La Sagra della Porchetta Italica di Campli continua cos\u00ec a rappresentare un\u2019eccellenza del territorio e un modello di valorizzazione delle tradizioni, capace di coniugare cultura, gastronomia, turismo e spettacolo.<\/p>\n\n\n\n<p class=\"wp-block-paragraph\">Un evento profondamente camplese, orgogliosamente abruzzese e sempre pi\u00f9 nazionale.<\/p>\n","protected":false},"excerpt":{"rendered":"<p>Sagra della Porchetta Italica di Campli, si \u00e8 conclusa in un clima di straordinario entusiasmo la 55\u00aa edizione.<\/p>\n","protected":false},"author":1,"featured_media":588,"comment_status":"closed","ping_status":"closed","sticky":false,"template":"","format":"standard","meta":{"footnotes":""},"categories":[24,6],"tags":[36,221,1110,1113,1108,1111,1109,145,1106,1107,1112],"class_list":["post-587","post","type-post","status-publish","format-standard","has-post-thumbnail","hentry","category-eventi","category-territorio","tag-campli","tag-carmine-donato-pelusi","tag-fulvio-pallotta-di-campli","tag-lucio-di-stefano-di-colledara","tag-manifestazioni-gastronomiche","tag-nicolino-mercurii-di-colledara","tag-porchetta","tag-rete-tv-italia","tag-sagra","tag-sagra-deella-porchetta-campli","tag-vincitori"],"yoast_head":"<!-- This site is optimized with the Yoast SEO plugin v28.3 - https:\/\/yoast.com\/product\/yoast-seo-wordpress\/ -->\n<title>Sagra della Porchetta Italica di Campli 55\u00aa Edizione da record - RETE TV ITALIA NEWS<\/title>\n<meta name=\"description\" content=\"Sagra della Porchetta Italica di Campli, si \u00e8 conclusa in un clima di straordinario entusiasmo la 55\u00aa edizione.\" \/>\n<meta name=\"robots\" content=\"index, follow, max-snippet:-1, max-image-preview:large, max-video-preview:-1\" \/>\n<link rel=\"canonical\" href=\"https:\/\/www.retetvitalia.it\/news\/2026\/08\/24\/sagra-della-porchetta-italica-di-campli-55a-edizione-da-record\/\" \/>\n<meta property=\"og:locale\" content=\"it_IT\" \/>\n<meta property=\"og:type\" content=\"article\" \/>\n<meta property=\"og:title\" content=\"Sagra della Porchetta Italica di Campli 55\u00aa Edizione da record - RETE TV ITALIA NEWS\" \/>\n<meta property=\"og:description\" content=\"Sagra della Porchetta Italica di Campli, si \u00e8 conclusa in un clima di straordinario entusiasmo la 55\u00aa edizione.\" \/>\n<meta property=\"og:url\" content=\"https:\/\/www.retetvitalia.it\/news\/2026\/08\/24\/sagra-della-porchetta-italica-di-campli-55a-edizione-da-record\/\" \/>\n<meta property=\"og:site_name\" content=\"RETE TV ITALIA NEWS\" \/>\n<meta property=\"article:published_time\" content=\"2026-08-24T18:30:03+00:00\" \/>\n<meta property=\"article:modified_time\" content=\"2026-08-24T18:30:04+00:00\" \/>\n<meta property=\"og:image\" content=\"https:\/\/www.retetvitalia.it\/news\/wp-content\/uploads\/2026\/08\/Sagra-della-Porchetta-Campli-2026.jpg\" \/>\n\t<meta property=\"og:image:width\" content=\"1024\" \/>\n\t<meta property=\"og:image:height\" content=\"683\" \/>\n\t<meta property=\"og:image:type\" content=\"image\/jpeg\" \/>\n<meta name=\"author\" content=\"amministratore\" \/>\n<meta name=\"twitter:card\" content=\"summary_large_image\" \/>\n<meta name=\"twitter:label1\" content=\"Scritto da\" \/>\n\t<meta name=\"twitter:data1\" content=\"amministratore\" \/>\n\t<meta name=\"twitter:label2\" content=\"Tempo di lettura stimato\" \/>\n\t<meta name=\"twitter:data2\" content=\"4 minuti\" \/>\n<script type=\"application\/ld+json\" class=\"yoast-schema-graph\">{\"@context\":\"https:\\\/\\\/schema.org\",\"@graph\":[{\"@type\":\"Article\",\"@id\":\"https:\\\/\\\/www.retetvitalia.it\\\/news\\\/2026\\\/08\\\/24\\\/sagra-della-porchetta-italica-di-campli-55a-edizione-da-record\\\/#article\",\"isPartOf\":{\"@id\":\"https:\\\/\\\/www.retetvitalia.it\\\/news\\\/2026\\\/08\\\/24\\\/sagra-della-porchetta-italica-di-campli-55a-edizione-da-record\\\/\"},\"author\":{\"name\":\"amministratore\",\"@id\":\"https:\\\/\\\/www.retetvitalia.it\\\/news\\\/#\\\/schema\\\/person\\\/931cd36cd7d43240855ccab6ba6df84f\"},\"headline\":\"Sagra della Porchetta Italica di Campli 55\u00aa Edizione da record\",\"datePublished\":\"2026-08-24T18:30:03+00:00\",\"dateModified\":\"2026-08-24T18:30:04+00:00\",\"mainEntityOfPage\":{\"@id\":\"https:\\\/\\\/www.retetvitalia.it\\\/news\\\/2026\\\/08\\\/24\\\/sagra-della-porchetta-italica-di-campli-55a-edizione-da-record\\\/\"},\"wordCount\":622,\"publisher\":{\"@id\":\"https:\\\/\\\/www.retetvitalia.it\\\/news\\\/#\\\/schema\\\/person\\\/931cd36cd7d43240855ccab6ba6df84f\"},\"image\":{\"@id\":\"https:\\\/\\\/www.retetvitalia.it\\\/news\\\/2026\\\/08\\\/24\\\/sagra-della-porchetta-italica-di-campli-55a-edizione-da-record\\\/#primaryimage\"},\"thumbnailUrl\":\"https:\\\/\\\/www.retetvitalia.it\\\/news\\\/wp-content\\\/uploads\\\/2026\\\/08\\\/Sagra-della-Porchetta-Campli-2026.jpg\",\"keywords\":[\"Campli\",\"Carmine Donato Pelusi\",\"Fulvio Pallotta di Campli\",\"Lucio Di Stefano di Colledara\",\"manifestazioni gastronomiche\",\"Nicolino Mercurii di Colledara\",\"Porchetta\",\"RETE TV ITALIA\",\"Sagra\",\"Sagra deella Porchetta Campli\",\"vincitori\"],\"articleSection\":[\"Eventi\",\"Territorio\"],\"inLanguage\":\"it-IT\"},{\"@type\":\"WebPage\",\"@id\":\"https:\\\/\\\/www.retetvitalia.it\\\/news\\\/2026\\\/08\\\/24\\\/sagra-della-porchetta-italica-di-campli-55a-edizione-da-record\\\/\",\"url\":\"https:\\\/\\\/www.retetvitalia.it\\\/news\\\/2026\\\/08\\\/24\\\/sagra-della-porchetta-italica-di-campli-55a-edizione-da-record\\\/\",\"name\":\"Sagra della Porchetta Italica di Campli 55\u00aa Edizione da record - RETE TV ITALIA NEWS\",\"isPartOf\":{\"@id\":\"https:\\\/\\\/www.retetvitalia.it\\\/news\\\/#website\"},\"primaryImageOfPage\":{\"@id\":\"https:\\\/\\\/www.retetvitalia.it\\\/news\\\/2026\\\/08\\\/24\\\/sagra-della-porchetta-italica-di-campli-55a-edizione-da-record\\\/#primaryimage\"},\"image\":{\"@id\":\"https:\\\/\\\/www.retetvitalia.it\\\/news\\\/2026\\\/08\\\/24\\\/sagra-della-porchetta-italica-di-campli-55a-edizione-da-record\\\/#primaryimage\"},\"thumbnailUrl\":\"https:\\\/\\\/www.retetvitalia.it\\\/news\\\/wp-content\\\/uploads\\\/2026\\\/08\\\/Sagra-della-Porchetta-Campli-2026.jpg\",\"datePublished\":\"2026-08-24T18:30:03+00:00\",\"dateModified\":\"2026-08-24T18:30:04+00:00\",\"description\":\"Sagra della Porchetta Italica di Campli, si \u00e8 conclusa in un clima di straordinario entusiasmo la 55\u00aa edizione.\",\"breadcrumb\":{\"@id\":\"https:\\\/\\\/www.retetvitalia.it\\\/news\\\/2026\\\/08\\\/24\\\/sagra-della-porchetta-italica-di-campli-55a-edizione-da-record\\\/#breadcrumb\"},\"inLanguage\":\"it-IT\",\"potentialAction\":[{\"@type\":\"ReadAction\",\"target\":[\"https:\\\/\\\/www.retetvitalia.it\\\/news\\\/2026\\\/08\\\/24\\\/sagra-della-porchetta-italica-di-campli-55a-edizione-da-record\\\/\"]}]},{\"@type\":\"ImageObject\",\"inLanguage\":\"it-IT\",\"@id\":\"https:\\\/\\\/www.retetvitalia.it\\\/news\\\/2026\\\/08\\\/24\\\/sagra-della-porchetta-italica-di-campli-55a-edizione-da-record\\\/#primaryimage\",\"url\":\"https:\\\/\\\/www.retetvitalia.it\\\/news\\\/wp-content\\\/uploads\\\/2026\\\/08\\\/Sagra-della-Porchetta-Campli-2026.jpg\",\"contentUrl\":\"https:\\\/\\\/www.retetvitalia.it\\\/news\\\/wp-content\\\/uploads\\\/2026\\\/08\\\/Sagra-della-Porchetta-Campli-2026.jpg\",\"width\":1024,\"height\":683},{\"@type\":\"BreadcrumbList\",\"@id\":\"https:\\\/\\\/www.retetvitalia.it\\\/news\\\/2026\\\/08\\\/24\\\/sagra-della-porchetta-italica-di-campli-55a-edizione-da-record\\\/#breadcrumb\",\"itemListElement\":[{\"@type\":\"ListItem\",\"position\":1,\"name\":\"Home\",\"item\":\"https:\\\/\\\/www.retetvitalia.it\\\/news\\\/\"},{\"@type\":\"ListItem\",\"position\":2,\"name\":\"Sagra della Porchetta Italica di Campli 55\u00aa Edizione da record\"}]},{\"@type\":\"WebSite\",\"@id\":\"https:\\\/\\\/www.retetvitalia.it\\\/news\\\/#website\",\"url\":\"https:\\\/\\\/www.retetvitalia.it\\\/news\\\/\",\"name\":\"RETE TV ITALIA NEWS\",\"description\":\"\",\"publisher\":{\"@id\":\"https:\\\/\\\/www.retetvitalia.it\\\/news\\\/#\\\/schema\\\/person\\\/931cd36cd7d43240855ccab6ba6df84f\"},\"potentialAction\":[{\"@type\":\"SearchAction\",\"target\":{\"@type\":\"EntryPoint\",\"urlTemplate\":\"https:\\\/\\\/www.retetvitalia.it\\\/news\\\/?s={search_term_string}\"},\"query-input\":{\"@type\":\"PropertyValueSpecification\",\"valueRequired\":true,\"valueName\":\"search_term_string\"}}],\"inLanguage\":\"it-IT\"},{\"@type\":[\"Person\",\"Organization\"],\"@id\":\"https:\\\/\\\/www.retetvitalia.it\\\/news\\\/#\\\/schema\\\/person\\\/931cd36cd7d43240855ccab6ba6df84f\",\"name\":\"amministratore\",\"image\":{\"@type\":\"ImageObject\",\"inLanguage\":\"it-IT\",\"@id\":\"https:\\\/\\\/www.retetvitalia.it\\\/news\\\/wp-content\\\/uploads\\\/2025\\\/12\\\/Pelusi-Carmine-Donato-Regista-Editore.jpg\",\"url\":\"https:\\\/\\\/www.retetvitalia.it\\\/news\\\/wp-content\\\/uploads\\\/2025\\\/12\\\/Pelusi-Carmine-Donato-Regista-Editore.jpg\",\"contentUrl\":\"https:\\\/\\\/www.retetvitalia.it\\\/news\\\/wp-content\\\/uploads\\\/2025\\\/12\\\/Pelusi-Carmine-Donato-Regista-Editore.jpg\",\"width\":537,\"height\":537,\"caption\":\"amministratore\"},\"logo\":{\"@id\":\"https:\\\/\\\/www.retetvitalia.it\\\/news\\\/wp-content\\\/uploads\\\/2025\\\/12\\\/Pelusi-Carmine-Donato-Regista-Editore.jpg\"},\"sameAs\":[\"https:\\\/\\\/www.retetvitalia.it\\\/news\"],\"url\":\"https:\\\/\\\/www.retetvitalia.it\\\/news\\\/author\\\/admin\\\/\"}]}<\/script>\n<!-- \/ Yoast SEO plugin. -->","yoast_head_json":{"title":"Sagra della Porchetta Italica di Campli 55\u00aa Edizione da record - RETE TV ITALIA NEWS","description":"Sagra della Porchetta Italica di Campli, si \u00e8 conclusa in un clima di straordinario entusiasmo la 55\u00aa edizione.","robots":{"index":"index","follow":"follow","max-snippet":"max-snippet:-1","max-image-preview":"max-image-preview:large","max-video-preview":"max-video-preview:-1"},"canonical":"https:\/\/www.retetvitalia.it\/news\/2026\/08\/24\/sagra-della-porchetta-italica-di-campli-55a-edizione-da-record\/","og_locale":"it_IT","og_type":"article","og_title":"Sagra della Porchetta Italica di Campli 55\u00aa Edizione da record - RETE TV ITALIA NEWS","og_description":"Sagra della Porchetta Italica di Campli, si \u00e8 conclusa in un clima di straordinario entusiasmo la 55\u00aa edizione.","og_url":"https:\/\/www.retetvitalia.it\/news\/2026\/08\/24\/sagra-della-porchetta-italica-di-campli-55a-edizione-da-record\/","og_site_name":"RETE TV ITALIA NEWS","article_published_time":"2026-08-24T18:30:03+00:00","article_modified_time":"2026-08-24T18:30:04+00:00","og_image":[{"width":1024,"height":683,"url":"https:\/\/www.retetvitalia.it\/news\/wp-content\/uploads\/2026\/08\/Sagra-della-Porchetta-Campli-2026.jpg","type":"image\/jpeg"}],"author":"amministratore","twitter_card":"summary_large_image","twitter_misc":{"Scritto da":"amministratore","Tempo di lettura stimato":"4 minuti"},"schema":{"@context":"https:\/\/schema.org","@graph":[{"@type":"Article","@id":"https:\/\/www.retetvitalia.it\/news\/2026\/08\/24\/sagra-della-porchetta-italica-di-campli-55a-edizione-da-record\/#article","isPartOf":{"@id":"https:\/\/www.retetvitalia.it\/news\/2026\/08\/24\/sagra-della-porchetta-italica-di-campli-55a-edizione-da-record\/"},"author":{"name":"amministratore","@id":"https:\/\/www.retetvitalia.it\/news\/#\/schema\/person\/931cd36cd7d43240855ccab6ba6df84f"},"headline":"Sagra della Porchetta Italica di Campli 55\u00aa Edizione da record","datePublished":"2026-08-24T18:30:03+00:00","dateModified":"2026-08-24T18:30:04+00:00","mainEntityOfPage":{"@id":"https:\/\/www.retetvitalia.it\/news\/2026\/08\/24\/sagra-della-porchetta-italica-di-campli-55a-edizione-da-record\/"},"wordCount":622,"publisher":{"@id":"https:\/\/www.retetvitalia.it\/news\/#\/schema\/person\/931cd36cd7d43240855ccab6ba6df84f"},"image":{"@id":"https:\/\/www.retetvitalia.it\/news\/2026\/08\/24\/sagra-della-porchetta-italica-di-campli-55a-edizione-da-record\/#primaryimage"},"thumbnailUrl":"https:\/\/www.retetvitalia.it\/news\/wp-content\/uploads\/2026\/08\/Sagra-della-Porchetta-Campli-2026.jpg","keywords":["Campli","Carmine Donato Pelusi","Fulvio Pallotta di Campli","Lucio Di Stefano di Colledara","manifestazioni gastronomiche","Nicolino Mercurii di Colledara","Porchetta","RETE TV ITALIA","Sagra","Sagra deella Porchetta Campli","vincitori"],"articleSection":["Eventi","Territorio"],"inLanguage":"it-IT"},{"@type":"WebPage","@id":"https:\/\/www.retetvitalia.it\/news\/2026\/08\/24\/sagra-della-porchetta-italica-di-campli-55a-edizione-da-record\/","url":"https:\/\/www.retetvitalia.it\/news\/2026\/08\/24\/sagra-della-porchetta-italica-di-campli-55a-edizione-da-record\/","name":"Sagra della Porchetta Italica di Campli 55\u00aa Edizione da record - RETE TV ITALIA NEWS","isPartOf":{"@id":"https:\/\/www.retetvitalia.it\/news\/#website"},"primaryImageOfPage":{"@id":"https:\/\/www.retetvitalia.it\/news\/2026\/08\/24\/sagra-della-porchetta-italica-di-campli-55a-edizione-da-record\/#primaryimage"},"image":{"@id":"https:\/\/www.retetvitalia.it\/news\/2026\/08\/24\/sagra-della-porchetta-italica-di-campli-55a-edizione-da-record\/#primaryimage"},"thumbnailUrl":"https:\/\/www.retetvitalia.it\/news\/wp-content\/uploads\/2026\/08\/Sagra-della-Porchetta-Campli-2026.jpg","datePublished":"2026-08-24T18:30:03+00:00","dateModified":"2026-08-24T18:30:04+00:00","description":"Sagra della Porchetta Italica di Campli, si \u00e8 conclusa in un clima di straordinario entusiasmo la 55\u00aa edizione.","breadcrumb":{"@id":"https:\/\/www.retetvitalia.it\/news\/2026\/08\/24\/sagra-della-porchetta-italica-di-campli-55a-edizione-da-record\/#breadcrumb"},"inLanguage":"it-IT","potentialAction":[{"@type":"ReadAction","target":["https:\/\/www.retetvitalia.it\/news\/2026\/08\/24\/sagra-della-porchetta-italica-di-campli-55a-edizione-da-record\/"]}]},{"@type":"ImageObject","inLanguage":"it-IT","@id":"https:\/\/www.retetvitalia.it\/news\/2026\/08\/24\/sagra-della-porchetta-italica-di-campli-55a-edizione-da-record\/#primaryimage","url":"https:\/\/www.retetvitalia.it\/news\/wp-content\/uploads\/2026\/08\/Sagra-della-Porchetta-Campli-2026.jpg","contentUrl":"https:\/\/www.retetvitalia.it\/news\/wp-content\/uploads\/2026\/08\/Sagra-della-Porchetta-Campli-2026.jpg","width":1024,"height":683},{"@type":"BreadcrumbList","@id":"https:\/\/www.retetvitalia.it\/news\/2026\/08\/24\/sagra-della-porchetta-italica-di-campli-55a-edizione-da-record\/#breadcrumb","itemListElement":[{"@type":"ListItem","position":1,"name":"Home","item":"https:\/\/www.retetvitalia.it\/news\/"},{"@type":"ListItem","position":2,"name":"Sagra della Porchetta Italica di Campli 55\u00aa Edizione da record"}]},{"@type":"WebSite","@id":"https:\/\/www.retetvitalia.it\/news\/#website","url":"https:\/\/www.retetvitalia.it\/news\/","name":"RETE TV ITALIA NEWS","description":"","publisher":{"@id":"https:\/\/www.retetvitalia.it\/news\/#\/schema\/person\/931cd36cd7d43240855ccab6ba6df84f"},"potentialAction":[{"@type":"SearchAction","target":{"@type":"EntryPoint","urlTemplate":"https:\/\/www.retetvitalia.it\/news\/?s={search_term_string}"},"query-input":{"@type":"PropertyValueSpecification","valueRequired":true,"valueName":"search_term_string"}}],"inLanguage":"it-IT"},{"@type":["Person","Organization"],"@id":"https:\/\/www.retetvitalia.it\/news\/#\/schema\/person\/931cd36cd7d43240855ccab6ba6df84f","name":"amministratore","image":{"@type":"ImageObject","inLanguage":"it-IT","@id":"https:\/\/www.retetvitalia.it\/news\/wp-content\/uploads\/2025\/12\/Pelusi-Carmine-Donato-Regista-Editore.jpg","url":"https:\/\/www.retetvitalia.it\/news\/wp-content\/uploads\/2025\/12\/Pelusi-Carmine-Donato-Regista-Editore.jpg","contentUrl":"https:\/\/www.retetvitalia.it\/news\/wp-content\/uploads\/2025\/12\/Pelusi-Carmine-Donato-Regista-Editore.jpg","width":537,"height":537,"caption":"amministratore"},"logo":{"@id":"https:\/\/www.retetvitalia.it\/news\/wp-content\/uploads\/2025\/12\/Pelusi-Carmine-Donato-Regista-Editore.jpg"},"sameAs":["https:\/\/www.retetvitalia.it\/news"],"url":"https:\/\/www.retetvitalia.it\/news\/author\/admin\/"}]}},"_links":{"self":[{"href":"https:\/\/www.retetvitalia.it\/news\/wp-json\/wp\/v2\/posts\/587","targetHints":{"allow":["GET"]}}],"collection":[{"href":"https:\/\/www.retetvitalia.it\/news\/wp-json\/wp\/v2\/posts"}],"about":[{"href":"https:\/\/www.retetvitalia.it\/news\/wp-json\/wp\/v2\/types\/post"}],"author":[{"embeddable":true,"href":"https:\/\/www.retetvitalia.it\/news\/wp-json\/wp\/v2\/users\/1"}],"replies":[{"embeddable":true,"href":"https:\/\/www.retetvitalia.it\/news\/wp-json\/wp\/v2\/comments?post=587"}],"version-history":[{"count":1,"href":"https:\/\/www.retetvitalia.it\/news\/wp-json\/wp\/v2\/posts\/587\/revisions"}],"predecessor-version":[{"id":590,"href":"https:\/\/www.retetvitalia.it\/news\/wp-json\/wp\/v2\/posts\/587\/revisions\/590"}],"wp:featuredmedia":[{"embeddable":true,"href":"https:\/\/www.retetvitalia.it\/news\/wp-json\/wp\/v2\/media\/588"}],"wp:attachment":[{"href":"https:\/\/www.retetvitalia.it\/news\/wp-json\/wp\/v2\/media?parent=587"}],"wp:term":[{"taxonomy":"category","embeddable":true,"href":"https:\/\/www.retetvitalia.it\/news\/wp-json\/wp\/v2\/categories?post=587"},{"taxonomy":"post_tag","embeddable":true,"href":"https:\/\/www.retetvitalia.it\/news\/wp-json\/wp\/v2\/tags?post=587"}],"curies":[{"name":"wp","href":"https:\/\/api.w.org\/{rel}","templated":true}]}}