{"id":601,"date":"2026-08-25T13:28:33","date_gmt":"2026-08-25T13:28:33","guid":{"rendered":"https:\/\/www.retetvitalia.it\/news\/?p=601"},"modified":"2026-08-25T13:28:34","modified_gmt":"2026-08-25T13:28:34","slug":"vendemmia-2026-siccita-e-perdite-fino-al-70-cia-a-rischio-la-tenuta-dellintera-filiera-vitivinicola","status":"publish","type":"post","link":"https:\/\/www.retetvitalia.it\/news\/2026\/08\/25\/vendemmia-2026-siccita-e-perdite-fino-al-70-cia-a-rischio-la-tenuta-dellintera-filiera-vitivinicola\/","title":{"rendered":"Vendemmia 2026, siccit\u00e0 e perdite fino al 70%. CIA: A rischio la tenuta dell&#8217;intera filiera vitivinicola"},"content":{"rendered":"\n<p class=\"wp-block-paragraph\"><strong>Vendemmia,  entra nel vivo in Abruzzo e i primi riscontri dalle campagne<br>confermano una situazione particolarmente difficile. <\/strong><\/p>\n\n\n\n<p class=\"wp-block-paragraph\">La prolungata assenza di precipitazioni e le temperature elevate hanno determinato un forte stress idrico e<br>termico nei vigneti, con perdite produttive che nelle aree pi\u00f9 colpite arrivano fino al 70%.<br>Le criticit\u00e0 maggiori si registrano negli areali viticoli litoranei e di media collina delle<br>province di Chieti e Pescara, con appassimenti delle uve, colpi di sole, riduzione del peso<br>degli acini e perdita pi\u00f9 rapida dell\u2019acidit\u00e0.<br>La situazione resta differenziata da territorio a territorio e CIA Chieti-Pescara sottolinea<br>quindi la necessit\u00e0 di non generalizzare il dato del 70% all\u2019intera produzione regionale.<br>La raccolta, iniziata il 3 agosto con le variet\u00e0 bianche pi\u00f9 precoci, \u00e8 partita con circa dieci<br>giorni di anticipo rispetto alla media degli ultimi anni. Pecorino e Trebbiano sono gi\u00e0 in<br>raccolta in diverse aree, mentre per Montepulciano e variet\u00e0 medio-tardive le prossime<br>settimane saranno decisive.<\/p>\n\n\n\n<figure class=\"wp-block-image size-full\"><img loading=\"lazy\" decoding=\"async\" width=\"980\" height=\"540\" src=\"https:\/\/www.retetvitalia.it\/news\/wp-content\/uploads\/2026\/08\/Domenico-Bomba-CIA-Chieti-Pescara.jpg\" alt=\"\" class=\"wp-image-603\" srcset=\"https:\/\/www.retetvitalia.it\/news\/wp-content\/uploads\/2026\/08\/Domenico-Bomba-CIA-Chieti-Pescara.jpg 980w, https:\/\/www.retetvitalia.it\/news\/wp-content\/uploads\/2026\/08\/Domenico-Bomba-CIA-Chieti-Pescara-300x165.jpg 300w, https:\/\/www.retetvitalia.it\/news\/wp-content\/uploads\/2026\/08\/Domenico-Bomba-CIA-Chieti-Pescara-768x423.jpg 768w\" sizes=\"auto, (max-width: 980px) 100vw, 980px\" \/><\/figure>\n\n\n\n<p class=\"wp-block-paragraph\"><strong>Nella foto: Domenico Bomba, presidente CIA Chieti- Pescara.<\/strong>  <\/p>\n\n\n\n<p class=\"wp-block-paragraph\"><br>\u00abIl problema \u00e8 che questa emergenza arriva dopo anni nei quali le nostre aziende non<br>hanno praticamente avuto tregua\u00bb, dichiara Domenico Bomba, presidente CIA Chieti-<br>Pescara. \u00abNel 2023 la peronospora ha provocato danni enormi alla viticoltura abruzzese,<br>poi sono arrivate la siccit\u00e0 e altre avversit\u00e0 climatiche e oggi ci troviamo nuovamente a<br>fare i conti con la mancanza d\u2019acqua. Non parliamo pi\u00f9 di una singola annata negativa,<br>ma di una crisi che sta diventando strutturale\u00bb.<\/p>\n\n\n\n<p class=\"wp-block-paragraph\">A preoccupare CIA non \u00e8 soltanto la perdita produttiva della singola azienda. Dopo pi\u00f9<br>campagne difficili consecutive, molte imprese agricole stanno esaurendo la capacit\u00e0<br>economica di assorbire nuove perdite.<br>\u00abUn\u2019azienda pu\u00f2 riuscire a superare un\u2019annata difficile, forse anche due. Ma quando le<br>emergenze diventano continue viene meno la possibilit\u00e0 di recuperare\u00bb, continua Bomba.<br>\u00abDobbiamo dirlo chiaramente: alcune aziende rischiano di chiudere definitivamente. E<br>quando chiude un\u2019azienda agricola perdiamo produzione, occupazione, presidio del<br>territorio e una parte della nostra economia rurale\u00bb.<br>Ma la riduzione della produzione si trasferisce inevitabilmente anche sul sistema<br>cooperativo e sulle cantine. Meno uva conferita significa lavorare volumi inferiori<br>mantenendo una parte importante degli stessi costi di struttura, trasformazione,<br>personale ed energia, con un conseguente aumento dei costi per unit\u00e0 di prodotto.<br>Per una regione fortemente vitivinicola come l\u2019Abruzzo, quindi, il problema non riguarda<br>pi\u00f9 soltanto il vigneto ma la sostenibilit\u00e0 economica dell\u2019intera filiera.<\/p>\n\n\n\n<p class=\"wp-block-paragraph\"><br>\u00abLe nostre cooperative rappresentano un patrimonio economico e sociale fondamentale\u00bb,<br>sottolinea Bomba. \u00abSe diminuisce drasticamente il prodotto da trasformare, aumentano i<br>costi e si riducono i margini. Dobbiamo salvaguardare insieme produttori, cooperative e<br>capacit\u00e0 competitiva del vino abruzzese sui mercati\u00bb.<br>A rendere il quadro ancora pi\u00f9 complesso sono le condizioni del mercato. Al 31 luglio<br>2026, secondo il report ICQRF Cantina Italia, nelle cantine abruzzesi risultavano 2,46<br>milioni di ettolitri di vino in giacenza, dei quali 1,96 milioni nella sola provincia di Chieti,<br>quasi l\u201980% del totale regionale. La riduzione della produzione provocata dalla siccit\u00e0,<br>quindi, non pu\u00f2 essere automaticamente interpretata come una condizione favorevole<br>per i prezzi.<\/p>\n\n\n\n<p class=\"wp-block-paragraph\"><br>\u00abIl rischio \u00e8 un paradosso: produrre meno, avere costi pi\u00f9 alti e non riuscire comunque a<br>ottenere una remunerazione adeguata\u00bb, afferma Bomba. \u00abPer questo serve un<br>messaggio chiaro anche al mercato: in questa fase occorre responsabilit\u00e0 da parte di tutti<br>gli attori della filiera. Il valore delle uve e del vino deve consentire alle aziende e alle<br>cooperative di continuare a produrre. Difendere il reddito agricolo significa oggi difendere<br>il futuro stesso della vitivinicoltura abruzzese\u00bb.<br>CIA Chieti-Pescara attiver\u00e0 immediatamente la propria rete dei CAA per assistere le<br>aziende interessate nella segnalazione dei danni e nell\u2019attivazione delle procedure<br>previste nell\u2019ambito di AGRICAT, verificando le condizioni delle singole imprese.<\/p>\n\n\n\n<p class=\"wp-block-paragraph\">Parallelamente saranno raccolte le segnalazioni provenienti dal territorio per arrivare a<br>una quantificazione puntuale delle perdite e sostenere tutte le ulteriori iniziative<br>necessarie nei confronti della Regione e delle istituzioni nazionali.<br>\u00abI produttori non saranno lasciati soli. Saremo al loro fianco nelle procedure<br>amministrative, ma contemporaneamente porteremo avanti ogni azione sindacale e<br>istituzionale necessaria\u00bb, assicura Bomba.<\/p>\n\n\n\n<p class=\"wp-block-paragraph\"><br>CIA chiede una ricognizione immediata dei danni, strumenti per garantire liquidit\u00e0 alle<br>imprese maggiormente colpite e, soprattutto, una strategia strutturale sulla gestione<br>dell\u2019acqua.<br>\u00abNon possiamo continuare a intervenire soltanto dopo ogni emergenza. Dopo la<br>peronospora e le ripetute siccit\u00e0, il cambiamento climatico \u00e8 ormai entrato nei bilanci<br>delle nostre aziende. Oggi non dobbiamo soltanto salvare una vendemmia. Dobbiamo<br>salvaguardare le aziende, le cooperative, il mercato e il futuro dell\u2019intera filiera vitivinicola<br>abruzzese\u00bb, conclude Bomba.<\/p>\n\n\n\n<p class=\"wp-block-paragraph\"><\/p>\n","protected":false},"excerpt":{"rendered":"<p>Vendemmia, entra nel vivo in Abruzzo e i primi riscontri dalle campagneconfermano una situazione particolarmente difficile. La prolungata<\/p>\n","protected":false},"author":1,"featured_media":602,"comment_status":"closed","ping_status":"closed","sticky":false,"template":"","format":"standard","meta":{"footnotes":""},"categories":[90,89],"tags":[13,643,473,1142,1145,1143,1141,14,20,1144,1140,1139,1146],"class_list":["post-601","post","type-post","status-publish","format-standard","has-post-thumbnail","hentry","category-cronaca","category-notizie-in-primo-piano","tag-abruzzo","tag-agricoltura","tag-chieti","tag-cia-chieti-pescara","tag-danni-enormi","tag-domenico-bomba","tag-filiera-vitivinicola","tag-news","tag-pescara","tag-presidente-cia-chieti-pescara","tag-siccita","tag-vendemmia-2026","tag-viticoltura-abruzzese"],"yoast_head":"<!-- This site is optimized with the Yoast SEO plugin v28.3 - https:\/\/yoast.com\/product\/yoast-seo-wordpress\/ -->\n<title>Vendemmia 2026, siccit\u00e0 e perdite fino al 70%. CIA: A rischio la tenuta dell&#039;intera filiera vitivinicola - RETE TV ITALIA NEWS<\/title>\n<meta name=\"description\" content=\"Vendemmia, entra nel vivo in Abruzzo e i primi riscontri dalle campagneconfermano una situazione particolarmente difficile.\" \/>\n<meta name=\"robots\" content=\"index, follow, max-snippet:-1, max-image-preview:large, max-video-preview:-1\" \/>\n<link rel=\"canonical\" href=\"https:\/\/www.retetvitalia.it\/news\/2026\/08\/25\/vendemmia-2026-siccita-e-perdite-fino-al-70-cia-a-rischio-la-tenuta-dellintera-filiera-vitivinicola\/\" \/>\n<meta property=\"og:locale\" content=\"it_IT\" \/>\n<meta property=\"og:type\" content=\"article\" \/>\n<meta property=\"og:title\" content=\"Vendemmia 2026, siccit\u00e0 e perdite fino al 70%. CIA: A rischio la tenuta dell&#039;intera filiera vitivinicola - RETE TV ITALIA NEWS\" \/>\n<meta property=\"og:description\" content=\"Vendemmia, entra nel vivo in Abruzzo e i primi riscontri dalle campagneconfermano una situazione particolarmente difficile.\" \/>\n<meta property=\"og:url\" content=\"https:\/\/www.retetvitalia.it\/news\/2026\/08\/25\/vendemmia-2026-siccita-e-perdite-fino-al-70-cia-a-rischio-la-tenuta-dellintera-filiera-vitivinicola\/\" \/>\n<meta property=\"og:site_name\" content=\"RETE TV ITALIA NEWS\" \/>\n<meta property=\"article:published_time\" content=\"2026-08-25T13:28:33+00:00\" \/>\n<meta property=\"article:modified_time\" content=\"2026-08-25T13:28:34+00:00\" \/>\n<meta property=\"og:image\" content=\"https:\/\/www.retetvitalia.it\/news\/wp-content\/uploads\/2026\/08\/Vendemmia-2026-siccita-e-perdite-secondo-CIA-Chieti-Pescara.jpeg\" \/>\n\t<meta property=\"og:image:width\" content=\"1280\" \/>\n\t<meta property=\"og:image:height\" content=\"853\" \/>\n\t<meta property=\"og:image:type\" content=\"image\/jpeg\" \/>\n<meta name=\"author\" content=\"amministratore\" \/>\n<meta name=\"twitter:card\" content=\"summary_large_image\" \/>\n<meta name=\"twitter:label1\" content=\"Scritto da\" \/>\n\t<meta name=\"twitter:data1\" content=\"amministratore\" \/>\n\t<meta name=\"twitter:label2\" content=\"Tempo di lettura stimato\" \/>\n\t<meta name=\"twitter:data2\" content=\"5 minuti\" \/>\n<script type=\"application\/ld+json\" class=\"yoast-schema-graph\">{\"@context\":\"https:\\\/\\\/schema.org\",\"@graph\":[{\"@type\":\"Article\",\"@id\":\"https:\\\/\\\/www.retetvitalia.it\\\/news\\\/2026\\\/08\\\/25\\\/vendemmia-2026-siccita-e-perdite-fino-al-70-cia-a-rischio-la-tenuta-dellintera-filiera-vitivinicola\\\/#article\",\"isPartOf\":{\"@id\":\"https:\\\/\\\/www.retetvitalia.it\\\/news\\\/2026\\\/08\\\/25\\\/vendemmia-2026-siccita-e-perdite-fino-al-70-cia-a-rischio-la-tenuta-dellintera-filiera-vitivinicola\\\/\"},\"author\":{\"name\":\"amministratore\",\"@id\":\"https:\\\/\\\/www.retetvitalia.it\\\/news\\\/#\\\/schema\\\/person\\\/931cd36cd7d43240855ccab6ba6df84f\"},\"headline\":\"Vendemmia 2026, siccit\u00e0 e perdite fino al 70%. CIA: A rischio la tenuta dell&#8217;intera filiera vitivinicola\",\"datePublished\":\"2026-08-25T13:28:33+00:00\",\"dateModified\":\"2026-08-25T13:28:34+00:00\",\"mainEntityOfPage\":{\"@id\":\"https:\\\/\\\/www.retetvitalia.it\\\/news\\\/2026\\\/08\\\/25\\\/vendemmia-2026-siccita-e-perdite-fino-al-70-cia-a-rischio-la-tenuta-dellintera-filiera-vitivinicola\\\/\"},\"wordCount\":708,\"publisher\":{\"@id\":\"https:\\\/\\\/www.retetvitalia.it\\\/news\\\/#\\\/schema\\\/person\\\/931cd36cd7d43240855ccab6ba6df84f\"},\"image\":{\"@id\":\"https:\\\/\\\/www.retetvitalia.it\\\/news\\\/2026\\\/08\\\/25\\\/vendemmia-2026-siccita-e-perdite-fino-al-70-cia-a-rischio-la-tenuta-dellintera-filiera-vitivinicola\\\/#primaryimage\"},\"thumbnailUrl\":\"https:\\\/\\\/www.retetvitalia.it\\\/news\\\/wp-content\\\/uploads\\\/2026\\\/08\\\/Vendemmia-2026-siccita-e-perdite-secondo-CIA-Chieti-Pescara.jpeg\",\"keywords\":[\"Abruzzo\",\"agricoltura\",\"Chieti\",\"CIA Chieti Pescara\",\"danni enormi\",\"Domenico Bomba\",\"filiera vitivinicola\",\"news\",\"Pescara\",\"presidente CIA Chieti- Pescara\",\"siccit\u00e0\",\"Vendemmia 2026\",\"viticoltura abruzzese\"],\"articleSection\":[\"cronaca\",\"Notizie in Primo Piano\"],\"inLanguage\":\"it-IT\"},{\"@type\":\"WebPage\",\"@id\":\"https:\\\/\\\/www.retetvitalia.it\\\/news\\\/2026\\\/08\\\/25\\\/vendemmia-2026-siccita-e-perdite-fino-al-70-cia-a-rischio-la-tenuta-dellintera-filiera-vitivinicola\\\/\",\"url\":\"https:\\\/\\\/www.retetvitalia.it\\\/news\\\/2026\\\/08\\\/25\\\/vendemmia-2026-siccita-e-perdite-fino-al-70-cia-a-rischio-la-tenuta-dellintera-filiera-vitivinicola\\\/\",\"name\":\"Vendemmia 2026, siccit\u00e0 e perdite fino al 70%. CIA: A rischio la tenuta dell'intera filiera vitivinicola - RETE TV ITALIA NEWS\",\"isPartOf\":{\"@id\":\"https:\\\/\\\/www.retetvitalia.it\\\/news\\\/#website\"},\"primaryImageOfPage\":{\"@id\":\"https:\\\/\\\/www.retetvitalia.it\\\/news\\\/2026\\\/08\\\/25\\\/vendemmia-2026-siccita-e-perdite-fino-al-70-cia-a-rischio-la-tenuta-dellintera-filiera-vitivinicola\\\/#primaryimage\"},\"image\":{\"@id\":\"https:\\\/\\\/www.retetvitalia.it\\\/news\\\/2026\\\/08\\\/25\\\/vendemmia-2026-siccita-e-perdite-fino-al-70-cia-a-rischio-la-tenuta-dellintera-filiera-vitivinicola\\\/#primaryimage\"},\"thumbnailUrl\":\"https:\\\/\\\/www.retetvitalia.it\\\/news\\\/wp-content\\\/uploads\\\/2026\\\/08\\\/Vendemmia-2026-siccita-e-perdite-secondo-CIA-Chieti-Pescara.jpeg\",\"datePublished\":\"2026-08-25T13:28:33+00:00\",\"dateModified\":\"2026-08-25T13:28:34+00:00\",\"description\":\"Vendemmia, entra nel vivo in Abruzzo e i primi riscontri dalle campagneconfermano una situazione particolarmente difficile.\",\"breadcrumb\":{\"@id\":\"https:\\\/\\\/www.retetvitalia.it\\\/news\\\/2026\\\/08\\\/25\\\/vendemmia-2026-siccita-e-perdite-fino-al-70-cia-a-rischio-la-tenuta-dellintera-filiera-vitivinicola\\\/#breadcrumb\"},\"inLanguage\":\"it-IT\",\"potentialAction\":[{\"@type\":\"ReadAction\",\"target\":[\"https:\\\/\\\/www.retetvitalia.it\\\/news\\\/2026\\\/08\\\/25\\\/vendemmia-2026-siccita-e-perdite-fino-al-70-cia-a-rischio-la-tenuta-dellintera-filiera-vitivinicola\\\/\"]}]},{\"@type\":\"ImageObject\",\"inLanguage\":\"it-IT\",\"@id\":\"https:\\\/\\\/www.retetvitalia.it\\\/news\\\/2026\\\/08\\\/25\\\/vendemmia-2026-siccita-e-perdite-fino-al-70-cia-a-rischio-la-tenuta-dellintera-filiera-vitivinicola\\\/#primaryimage\",\"url\":\"https:\\\/\\\/www.retetvitalia.it\\\/news\\\/wp-content\\\/uploads\\\/2026\\\/08\\\/Vendemmia-2026-siccita-e-perdite-secondo-CIA-Chieti-Pescara.jpeg\",\"contentUrl\":\"https:\\\/\\\/www.retetvitalia.it\\\/news\\\/wp-content\\\/uploads\\\/2026\\\/08\\\/Vendemmia-2026-siccita-e-perdite-secondo-CIA-Chieti-Pescara.jpeg\",\"width\":1280,\"height\":853},{\"@type\":\"BreadcrumbList\",\"@id\":\"https:\\\/\\\/www.retetvitalia.it\\\/news\\\/2026\\\/08\\\/25\\\/vendemmia-2026-siccita-e-perdite-fino-al-70-cia-a-rischio-la-tenuta-dellintera-filiera-vitivinicola\\\/#breadcrumb\",\"itemListElement\":[{\"@type\":\"ListItem\",\"position\":1,\"name\":\"Home\",\"item\":\"https:\\\/\\\/www.retetvitalia.it\\\/news\\\/\"},{\"@type\":\"ListItem\",\"position\":2,\"name\":\"Vendemmia 2026, siccit\u00e0 e perdite fino al 70%. CIA: A rischio la tenuta dell&#8217;intera filiera vitivinicola\"}]},{\"@type\":\"WebSite\",\"@id\":\"https:\\\/\\\/www.retetvitalia.it\\\/news\\\/#website\",\"url\":\"https:\\\/\\\/www.retetvitalia.it\\\/news\\\/\",\"name\":\"RETE TV ITALIA NEWS\",\"description\":\"\",\"publisher\":{\"@id\":\"https:\\\/\\\/www.retetvitalia.it\\\/news\\\/#\\\/schema\\\/person\\\/931cd36cd7d43240855ccab6ba6df84f\"},\"potentialAction\":[{\"@type\":\"SearchAction\",\"target\":{\"@type\":\"EntryPoint\",\"urlTemplate\":\"https:\\\/\\\/www.retetvitalia.it\\\/news\\\/?s={search_term_string}\"},\"query-input\":{\"@type\":\"PropertyValueSpecification\",\"valueRequired\":true,\"valueName\":\"search_term_string\"}}],\"inLanguage\":\"it-IT\"},{\"@type\":[\"Person\",\"Organization\"],\"@id\":\"https:\\\/\\\/www.retetvitalia.it\\\/news\\\/#\\\/schema\\\/person\\\/931cd36cd7d43240855ccab6ba6df84f\",\"name\":\"amministratore\",\"image\":{\"@type\":\"ImageObject\",\"inLanguage\":\"it-IT\",\"@id\":\"https:\\\/\\\/www.retetvitalia.it\\\/news\\\/wp-content\\\/uploads\\\/2025\\\/12\\\/Pelusi-Carmine-Donato-Regista-Editore.jpg\",\"url\":\"https:\\\/\\\/www.retetvitalia.it\\\/news\\\/wp-content\\\/uploads\\\/2025\\\/12\\\/Pelusi-Carmine-Donato-Regista-Editore.jpg\",\"contentUrl\":\"https:\\\/\\\/www.retetvitalia.it\\\/news\\\/wp-content\\\/uploads\\\/2025\\\/12\\\/Pelusi-Carmine-Donato-Regista-Editore.jpg\",\"width\":537,\"height\":537,\"caption\":\"amministratore\"},\"logo\":{\"@id\":\"https:\\\/\\\/www.retetvitalia.it\\\/news\\\/wp-content\\\/uploads\\\/2025\\\/12\\\/Pelusi-Carmine-Donato-Regista-Editore.jpg\"},\"sameAs\":[\"https:\\\/\\\/www.retetvitalia.it\\\/news\"],\"url\":\"https:\\\/\\\/www.retetvitalia.it\\\/news\\\/author\\\/admin\\\/\"}]}<\/script>\n<!-- \/ Yoast SEO plugin. -->","yoast_head_json":{"title":"Vendemmia 2026, siccit\u00e0 e perdite fino al 70%. CIA: A rischio la tenuta dell'intera filiera vitivinicola - RETE TV ITALIA NEWS","description":"Vendemmia, entra nel vivo in Abruzzo e i primi riscontri dalle campagneconfermano una situazione particolarmente difficile.","robots":{"index":"index","follow":"follow","max-snippet":"max-snippet:-1","max-image-preview":"max-image-preview:large","max-video-preview":"max-video-preview:-1"},"canonical":"https:\/\/www.retetvitalia.it\/news\/2026\/08\/25\/vendemmia-2026-siccita-e-perdite-fino-al-70-cia-a-rischio-la-tenuta-dellintera-filiera-vitivinicola\/","og_locale":"it_IT","og_type":"article","og_title":"Vendemmia 2026, siccit\u00e0 e perdite fino al 70%. CIA: A rischio la tenuta dell'intera filiera vitivinicola - RETE TV ITALIA NEWS","og_description":"Vendemmia, entra nel vivo in Abruzzo e i primi riscontri dalle campagneconfermano una situazione particolarmente difficile.","og_url":"https:\/\/www.retetvitalia.it\/news\/2026\/08\/25\/vendemmia-2026-siccita-e-perdite-fino-al-70-cia-a-rischio-la-tenuta-dellintera-filiera-vitivinicola\/","og_site_name":"RETE TV ITALIA NEWS","article_published_time":"2026-08-25T13:28:33+00:00","article_modified_time":"2026-08-25T13:28:34+00:00","og_image":[{"width":1280,"height":853,"url":"https:\/\/www.retetvitalia.it\/news\/wp-content\/uploads\/2026\/08\/Vendemmia-2026-siccita-e-perdite-secondo-CIA-Chieti-Pescara.jpeg","type":"image\/jpeg"}],"author":"amministratore","twitter_card":"summary_large_image","twitter_misc":{"Scritto da":"amministratore","Tempo di lettura stimato":"5 minuti"},"schema":{"@context":"https:\/\/schema.org","@graph":[{"@type":"Article","@id":"https:\/\/www.retetvitalia.it\/news\/2026\/08\/25\/vendemmia-2026-siccita-e-perdite-fino-al-70-cia-a-rischio-la-tenuta-dellintera-filiera-vitivinicola\/#article","isPartOf":{"@id":"https:\/\/www.retetvitalia.it\/news\/2026\/08\/25\/vendemmia-2026-siccita-e-perdite-fino-al-70-cia-a-rischio-la-tenuta-dellintera-filiera-vitivinicola\/"},"author":{"name":"amministratore","@id":"https:\/\/www.retetvitalia.it\/news\/#\/schema\/person\/931cd36cd7d43240855ccab6ba6df84f"},"headline":"Vendemmia 2026, siccit\u00e0 e perdite fino al 70%. CIA: A rischio la tenuta dell&#8217;intera filiera vitivinicola","datePublished":"2026-08-25T13:28:33+00:00","dateModified":"2026-08-25T13:28:34+00:00","mainEntityOfPage":{"@id":"https:\/\/www.retetvitalia.it\/news\/2026\/08\/25\/vendemmia-2026-siccita-e-perdite-fino-al-70-cia-a-rischio-la-tenuta-dellintera-filiera-vitivinicola\/"},"wordCount":708,"publisher":{"@id":"https:\/\/www.retetvitalia.it\/news\/#\/schema\/person\/931cd36cd7d43240855ccab6ba6df84f"},"image":{"@id":"https:\/\/www.retetvitalia.it\/news\/2026\/08\/25\/vendemmia-2026-siccita-e-perdite-fino-al-70-cia-a-rischio-la-tenuta-dellintera-filiera-vitivinicola\/#primaryimage"},"thumbnailUrl":"https:\/\/www.retetvitalia.it\/news\/wp-content\/uploads\/2026\/08\/Vendemmia-2026-siccita-e-perdite-secondo-CIA-Chieti-Pescara.jpeg","keywords":["Abruzzo","agricoltura","Chieti","CIA Chieti Pescara","danni enormi","Domenico Bomba","filiera vitivinicola","news","Pescara","presidente CIA Chieti- Pescara","siccit\u00e0","Vendemmia 2026","viticoltura abruzzese"],"articleSection":["cronaca","Notizie in Primo Piano"],"inLanguage":"it-IT"},{"@type":"WebPage","@id":"https:\/\/www.retetvitalia.it\/news\/2026\/08\/25\/vendemmia-2026-siccita-e-perdite-fino-al-70-cia-a-rischio-la-tenuta-dellintera-filiera-vitivinicola\/","url":"https:\/\/www.retetvitalia.it\/news\/2026\/08\/25\/vendemmia-2026-siccita-e-perdite-fino-al-70-cia-a-rischio-la-tenuta-dellintera-filiera-vitivinicola\/","name":"Vendemmia 2026, siccit\u00e0 e perdite fino al 70%. CIA: A rischio la tenuta dell'intera filiera vitivinicola - RETE TV ITALIA NEWS","isPartOf":{"@id":"https:\/\/www.retetvitalia.it\/news\/#website"},"primaryImageOfPage":{"@id":"https:\/\/www.retetvitalia.it\/news\/2026\/08\/25\/vendemmia-2026-siccita-e-perdite-fino-al-70-cia-a-rischio-la-tenuta-dellintera-filiera-vitivinicola\/#primaryimage"},"image":{"@id":"https:\/\/www.retetvitalia.it\/news\/2026\/08\/25\/vendemmia-2026-siccita-e-perdite-fino-al-70-cia-a-rischio-la-tenuta-dellintera-filiera-vitivinicola\/#primaryimage"},"thumbnailUrl":"https:\/\/www.retetvitalia.it\/news\/wp-content\/uploads\/2026\/08\/Vendemmia-2026-siccita-e-perdite-secondo-CIA-Chieti-Pescara.jpeg","datePublished":"2026-08-25T13:28:33+00:00","dateModified":"2026-08-25T13:28:34+00:00","description":"Vendemmia, entra nel vivo in Abruzzo e i primi riscontri dalle campagneconfermano una situazione particolarmente difficile.","breadcrumb":{"@id":"https:\/\/www.retetvitalia.it\/news\/2026\/08\/25\/vendemmia-2026-siccita-e-perdite-fino-al-70-cia-a-rischio-la-tenuta-dellintera-filiera-vitivinicola\/#breadcrumb"},"inLanguage":"it-IT","potentialAction":[{"@type":"ReadAction","target":["https:\/\/www.retetvitalia.it\/news\/2026\/08\/25\/vendemmia-2026-siccita-e-perdite-fino-al-70-cia-a-rischio-la-tenuta-dellintera-filiera-vitivinicola\/"]}]},{"@type":"ImageObject","inLanguage":"it-IT","@id":"https:\/\/www.retetvitalia.it\/news\/2026\/08\/25\/vendemmia-2026-siccita-e-perdite-fino-al-70-cia-a-rischio-la-tenuta-dellintera-filiera-vitivinicola\/#primaryimage","url":"https:\/\/www.retetvitalia.it\/news\/wp-content\/uploads\/2026\/08\/Vendemmia-2026-siccita-e-perdite-secondo-CIA-Chieti-Pescara.jpeg","contentUrl":"https:\/\/www.retetvitalia.it\/news\/wp-content\/uploads\/2026\/08\/Vendemmia-2026-siccita-e-perdite-secondo-CIA-Chieti-Pescara.jpeg","width":1280,"height":853},{"@type":"BreadcrumbList","@id":"https:\/\/www.retetvitalia.it\/news\/2026\/08\/25\/vendemmia-2026-siccita-e-perdite-fino-al-70-cia-a-rischio-la-tenuta-dellintera-filiera-vitivinicola\/#breadcrumb","itemListElement":[{"@type":"ListItem","position":1,"name":"Home","item":"https:\/\/www.retetvitalia.it\/news\/"},{"@type":"ListItem","position":2,"name":"Vendemmia 2026, siccit\u00e0 e perdite fino al 70%. CIA: A rischio la tenuta dell&#8217;intera filiera vitivinicola"}]},{"@type":"WebSite","@id":"https:\/\/www.retetvitalia.it\/news\/#website","url":"https:\/\/www.retetvitalia.it\/news\/","name":"RETE TV ITALIA NEWS","description":"","publisher":{"@id":"https:\/\/www.retetvitalia.it\/news\/#\/schema\/person\/931cd36cd7d43240855ccab6ba6df84f"},"potentialAction":[{"@type":"SearchAction","target":{"@type":"EntryPoint","urlTemplate":"https:\/\/www.retetvitalia.it\/news\/?s={search_term_string}"},"query-input":{"@type":"PropertyValueSpecification","valueRequired":true,"valueName":"search_term_string"}}],"inLanguage":"it-IT"},{"@type":["Person","Organization"],"@id":"https:\/\/www.retetvitalia.it\/news\/#\/schema\/person\/931cd36cd7d43240855ccab6ba6df84f","name":"amministratore","image":{"@type":"ImageObject","inLanguage":"it-IT","@id":"https:\/\/www.retetvitalia.it\/news\/wp-content\/uploads\/2025\/12\/Pelusi-Carmine-Donato-Regista-Editore.jpg","url":"https:\/\/www.retetvitalia.it\/news\/wp-content\/uploads\/2025\/12\/Pelusi-Carmine-Donato-Regista-Editore.jpg","contentUrl":"https:\/\/www.retetvitalia.it\/news\/wp-content\/uploads\/2025\/12\/Pelusi-Carmine-Donato-Regista-Editore.jpg","width":537,"height":537,"caption":"amministratore"},"logo":{"@id":"https:\/\/www.retetvitalia.it\/news\/wp-content\/uploads\/2025\/12\/Pelusi-Carmine-Donato-Regista-Editore.jpg"},"sameAs":["https:\/\/www.retetvitalia.it\/news"],"url":"https:\/\/www.retetvitalia.it\/news\/author\/admin\/"}]}},"_links":{"self":[{"href":"https:\/\/www.retetvitalia.it\/news\/wp-json\/wp\/v2\/posts\/601","targetHints":{"allow":["GET"]}}],"collection":[{"href":"https:\/\/www.retetvitalia.it\/news\/wp-json\/wp\/v2\/posts"}],"about":[{"href":"https:\/\/www.retetvitalia.it\/news\/wp-json\/wp\/v2\/types\/post"}],"author":[{"embeddable":true,"href":"https:\/\/www.retetvitalia.it\/news\/wp-json\/wp\/v2\/users\/1"}],"replies":[{"embeddable":true,"href":"https:\/\/www.retetvitalia.it\/news\/wp-json\/wp\/v2\/comments?post=601"}],"version-history":[{"count":1,"href":"https:\/\/www.retetvitalia.it\/news\/wp-json\/wp\/v2\/posts\/601\/revisions"}],"predecessor-version":[{"id":604,"href":"https:\/\/www.retetvitalia.it\/news\/wp-json\/wp\/v2\/posts\/601\/revisions\/604"}],"wp:featuredmedia":[{"embeddable":true,"href":"https:\/\/www.retetvitalia.it\/news\/wp-json\/wp\/v2\/media\/602"}],"wp:attachment":[{"href":"https:\/\/www.retetvitalia.it\/news\/wp-json\/wp\/v2\/media?parent=601"}],"wp:term":[{"taxonomy":"category","embeddable":true,"href":"https:\/\/www.retetvitalia.it\/news\/wp-json\/wp\/v2\/categories?post=601"},{"taxonomy":"post_tag","embeddable":true,"href":"https:\/\/www.retetvitalia.it\/news\/wp-json\/wp\/v2\/tags?post=601"}],"curies":[{"name":"wp","href":"https:\/\/api.w.org\/{rel}","templated":true}]}}