{"id":605,"date":"2026-08-25T13:43:22","date_gmt":"2026-08-25T13:43:22","guid":{"rendered":"https:\/\/www.retetvitalia.it\/news\/?p=605"},"modified":"2026-08-25T13:43:22","modified_gmt":"2026-08-25T13:43:22","slug":"incendi-abruzzo-lopposizione-presenta-interpellanza-su-piano-antincendio-boschivo","status":"publish","type":"post","link":"https:\/\/www.retetvitalia.it\/news\/2026\/08\/25\/incendi-abruzzo-lopposizione-presenta-interpellanza-su-piano-antincendio-boschivo\/","title":{"rendered":"INCENDI ABRUZZO, L\u2019OPPOSIZIONE PRESENTA INTERPELLANZA SU PIANO ANTINCENDIO BOSCHIVO"},"content":{"rendered":"\n<p class=\"has-medium-font-size wp-block-paragraph\"><strong>INCENDI ABRUZZO<\/strong>, <strong>Conferenza Stampa<\/strong> <strong>LE CRITICIT\u00c0 E I TAGLI SONO CERTIFICATI NEL PIANO DELLA STESSA<\/strong>.<\/p>\n\n\n\n<p class=\"wp-block-paragraph\">La conferenza stampa convocata dai consiglieri di opposizione in Consiglio regionale del Patto per l\u2019Abruzzo, che hanno annunciato il deposito di un\u2019interpellanza sullo stato della Campagna AIB regionale che chiede conto alla Giunta delle scelte assunte dal 2019 al 2026 e degli orientamenti che intende tradurre nel prossimo bilancio 2027-2029.<\/p>\n\n\n\n<figure class=\"wp-block-image size-large\"><img loading=\"lazy\" decoding=\"async\" width=\"1024\" height=\"768\" src=\"https:\/\/www.retetvitalia.it\/news\/wp-content\/uploads\/2026\/08\/luciano-damico-conferenza-y-1024x768.jpg\" alt=\"\" class=\"wp-image-606\" srcset=\"https:\/\/www.retetvitalia.it\/news\/wp-content\/uploads\/2026\/08\/luciano-damico-conferenza-y-1024x768.jpg 1024w, https:\/\/www.retetvitalia.it\/news\/wp-content\/uploads\/2026\/08\/luciano-damico-conferenza-y-300x225.jpg 300w, https:\/\/www.retetvitalia.it\/news\/wp-content\/uploads\/2026\/08\/luciano-damico-conferenza-y-768x576.jpg 768w, https:\/\/www.retetvitalia.it\/news\/wp-content\/uploads\/2026\/08\/luciano-damico-conferenza-y.jpg 1280w\" sizes=\"auto, (max-width: 1024px) 100vw, 1024px\" \/><\/figure>\n\n\n\n<p class=\"wp-block-paragraph\"><strong>Nella Foto: Luciano D&#8217;Amico consigliere di opposizione in Consiglio regionale del Patto per l\u2019Abruzzo<\/strong><\/p>\n\n\n\n<p class=\"wp-block-paragraph\">Fondi \u201cscarni\u201d; un modello di finanziamento della prevenzione che \u201c<em>ne abbassa enormemente l\u2019efficacia\u201d<\/em>; rete radio incompleta; necessit\u00e0 di manutenzione delle vasche antincendio; Coordinatori delle operazioni di spegnimento (COS) ridotti e organizzazione con i Vigili del Fuoco dichiarata non definitiva. Queste sono alcune delle criticit\u00e0 evidenziate nelle pagine del Piano antincendio boschivo (AIB) della Regione Abruzzo. Dopo un\u2019estate segnata da incendi diffusi sul territorio, c\u2019\u00e8 da chiedersi se Regione, Presidente Marsilio o l\u2019esecutivo, lo abbiano mai letto e perch\u00e9 non si \u00e8 intervenuti prima sulle criticit\u00e0 che l\u2019Ente stesso ha certificato. Quello che emerge dall\u2019analisi del Piano AIB 2026-2028 non \u00e8 il quadro rassicurante che oggi si vorrebbe rappresentare. \u00c8 un documento ufficiale della Regione che mette nero su bianco problemi, carenze e debolezze del sistema e che rende ancora pi\u00f9 urgente capire quali scelte politiche e finanziarie siano state compiute in questi anni\u201d.<\/p>\n\n\n\n<p class=\"wp-block-paragraph\"><strong>I punti critici.<\/strong><br>\u201cBasta leggere il Piano. A pagina 102 \u00e8 la stessa Regione a scrivere che il sistema utilizzato per finanziare gli interventi di prevenzione presenta un limite che, testualmente&nbsp;<em>\u201cne abbassa enormemente l\u2019efficacia\u201d<\/em>, perch\u00e9 le procedure concorsuali non consentono necessariamente di intervenire nelle aree a maggior rischio dell\u2019intero territorio regionale. Poche righe dopo il documento parla, ancora testualmente, di \u201c<em>scarni fondi a disposizione\u201d&nbsp;<\/em>e indica come soluzione pi\u00f9 efficace una regia diretta regionale per concentrare le risorse dove il rischio \u00e8 maggiore. Sempre a pagina 102 il Piano ammette che non \u00e8 possibile formulare una previsione schematica delle risorse finanziarie per il triennio AIB, perch\u00e9 queste vengono assegnate annualmente in bilancio dalla Giunta regionale. \u00c8 un\u2019ammissione pesantissima, abbiamo un Piano triennale, ma non una corrispondente certezza finanziaria triennale sulle risorse con cui attuarlo\u201d.<\/p>\n\n\n\n<p class=\"wp-block-paragraph\"><strong>Altre ammissioni.<\/strong><br>\u201cIl Piano dice che le infrastrutture AIB hanno bisogno di controllo continuo, di un censimento sempre aggiornato e di una revisione prima del periodo di alta pericolosit\u00e0. Sulle vasche antincendio arriva a scrivere che \u00e8 necessaria una manutenzione pi\u00f9 tempestiva perch\u00e9 possono risultare \u201cfuori uso a causa di perdite o invasioni eccessive di vegetazione, che possono restare non segnalate per lunghi periodi\u201d. La cartografia degli invasi, inoltre, fa riferimento a un censimento aggiornato al 2024 e successivamente interessato da aggiornamenti definiti dallo stesso Piano \u201cminimi\u201d. Sono elementi che impongono una domanda precisa: quale prevenzione concreta \u00e8 stata fatta, anno per anno, prima che arrivassero le fiamme? Il riferimento \u00e8 al capitolo sulla prevenzione strutturale, in particolare alle pagine 42, 51, 52 e 67 del Piano AIB&#8221;.<\/p>\n\n\n\n<p class=\"wp-block-paragraph\"><strong>Il buco nella comunicazione.<\/strong><br>\u201cAncora pi\u00f9 grave \u00e8 il quadro delle comunicazioni. Il Piano definisce una rete radio efficiente indispensabile per le operazioni e per la sicurezza degli operatori. E subito dopo certifica che il vecchio impianto VHF regionale non era funzionante a seguito del danneggiamento del centro stella della Majelletta; che il nuovo impianto acquistato nel 2025 serviva la sola provincia di Chieti, coprendone il 60%; e che \u201cle restanti tre province regionali [\u2026]non sono ancora raggiunte da alcun segnale radio\u201d, mentre il nuovo sistema digitale risultava ancora in progettazione. Non \u00e8 una nostra ricostruzione ma \u00e8 ci\u00f2 che la Regione ha scritto nel proprio Piano, alle pagine 52-53\u201d.<\/p>\n\n\n\n<p class=\"wp-block-paragraph\"><strong>Coordinamento delle forze a terra.<\/strong><br>\u201cA pagina 93 il Piano afferma che il numero dei COS, i Coordinatori delle operazioni di spegnimento delle squadre terrestri del volontariato, \u201csi \u00e8 ridotto tra incrementi di funzioni e pensionamenti [\u2026] non supera le 10 unit\u00e0, contando 1 COS regionale (non operativo) e 9 Parchi (non operativi)\u201d, riportando un COS regionale e nove dei Parchi indicati come \u2018non operativi\u2019. E lo stesso documento rinvia ancora alla definizione di uno specifico piano formativo la possibilit\u00e0 di formare nuovi COS nel volontariato. Parliamo di figure alle quali il Piano affida il coordinamento delle squadre e il raccordo con la Sala operativa. Anche su questo il Presidente della Regione deve dire come sia stato possibile arrivare alla Campagna AIB 2026 con la situazione descritta dal documento regionale\u201d.<\/p>\n\n\n\n<p class=\"wp-block-paragraph\"><strong>Rapporto con i Vigili del Fuoco.<\/strong><br>\u201cUn aspetto delicatissimo \u00e8 rappresentato dal rapporto con i Vigili del Fuoco. Il Piano afferma che, alla data della sua approvazione, il Servizio Emergenze e la Direzione regionale dei Vigili del Fuoco \u201cnon avevano ancora raggiunto un accordo in Commissione paritetica per la definizione dell\u2019Accordo di Programma 2026-2028\u201d e precisa che l\u2019organizzazione descritta doveva quindi considerarsi \u201cnon definitiva\u201d. Contestualmente, la Determinazione n. 113\/APC del 25 giugno 2026 dava ancora \u201cin via di sottoscrizione\u201d il Programma Operativo Annuale 2026-2027. Qual era dunque, all\u2019avvio della fase pi\u00f9 delicata della stagione, l\u2019assetto effettivamente definito? Quali risorse erano disponibili? E perch\u00e9 strumenti cos\u00ec importanti risultavano ancora in questa condizione?<\/p>\n\n\n\n<p class=\"wp-block-paragraph\">Tutto questo avviene in una Regione il cui stesso Piano ricorda che tra il 2012 e il 2025 si sono verificati \u201c<em>900 eventi che hanno interessato complessivamente 20.295 ettari<\/em>\u201d e arriva ad affermare che le superfici medie percorse dal fuoco per incendio in Abruzzo risultano fra le pi\u00f9 alte in Italia. Non stiamo dunque parlando di un rischio sconosciuto, improvviso o mai studiato. Il problema era conosciuto, analizzato e scritto nei documenti regionali.&nbsp; Piano AIB 2026-2028, pagg. 4-5.<\/p>\n\n\n\n<p class=\"wp-block-paragraph\">Poi sono arrivati luglio e agosto. Secondo quanto riportato da Il Centro nell\u2019edizione del 12 agosto, la Campagna AIB aveva raggiunto 168 roghi in 38 giorni. Alcuni organi di stampa il 7 agosto, raccontavano l\u2019emergenza nell\u2019Aquilano e riportavano da Roio la richiesta dei volontari di avere pi\u00f9 uomini a terra. Il 13 e 17 agosto, documentavano il protrarsi dell\u2019incendio sul Morrone e nuovi fronti a Rocca di Cambio e Bisegna, dove veniva riferita anche l\u2019evacuazione di sei abitazioni. L\u2019interpellanza ricostruisce proprio questo contesto e lo mette a confronto con le criticit\u00e0 gi\u00e0 contenute nel Piano.<\/p>\n\n\n\n<p class=\"wp-block-paragraph\">Davanti a tutto ci\u00f2 \u00e8 inaccettabile che il dibattito venga ridotto alla sola conta dei mezzi messi in campo quando gli incendi sono gi\u00e0 scoppiati. L\u2019efficacia dell\u2019azione politica si valuta soprattutto in base a quello che fa prima dell\u2019emergenza.<\/p>\n\n\n\n<p class=\"wp-block-paragraph\">Per questo vogliamo sapere quanto la Giunta ha stanziato e realmente speso dal 2019 a oggi per prevenzione e lotta attiva; quanto per mezzi aerei e accordi con i Vigili del Fuoco; quale fosse anno per anno la consistenza reale di mezzi e attrezzature; cosa sia stato fatto su vasche, infrastrutture, radio, formazione e coordinamento; perch\u00e9 le tutele dell\u2019articolo 39 per consentire l\u2019effettiva partecipazione dei volontari siano state attivate con la tempistica contestata nell\u2019interpellanza; e soprattutto quali risorse il Presidente e la Gunta di destra intendano mettere nel bilancio 2027-2029.<\/p>\n\n\n\n<p class=\"wp-block-paragraph\">Sono questi i principali quesiti posti formalmente alla Giunta nella interpellanza depositata.<\/p>\n\n\n\n<p class=\"wp-block-paragraph\">La verit\u00e0 &#8211; incalzano dall&#8217;opposizione &#8211; \u00e8 che se la Giunta non conosceva queste criticit\u00e0 significa che non conosceva fino in fondo il Piano che la propria amministrazione ha approvato il 25 giugno.&nbsp; &nbsp;Se al contrario le conosceva, deve spiegare quali interventi sono stati assunti e perch\u00e9 siamo arrivati alla stagione degli incendi con il Piano che continuava a certificare fondi scarsi, limiti nella prevenzione, infrastrutture da manutenere, una rete radio ancora incompleta, pochi COS e un\u2019organizzazione con i Vigili del Fuoco dichiarata non definitiva. Uno stallo organizzativo che rende ancora pi\u00f9 importante&nbsp;il sacrificio di tutte le forze di operatori e volontari che in questi giorni stanno cercando di salvare il Morrone, a cui va il nostro pi\u00f9 sentito ringraziamento.<\/p>\n\n\n\n<p class=\"wp-block-paragraph\">Il Presidente Marsilio deve limitare la propaganda e non prendersela con chi fa notare vulnerabilit\u00e0 che non dovrebbero esserci su un\u2019azione di tale importanza. Serve rispondere con fatti, numeri, atti, risorse, date per valutare eventuali responsabilit\u00e0. \u00c8 esattamente ci\u00f2 che gli chiediamo di fare in Consiglio regionale per la sicurezza dei territori e di chi li abita. E deve farlo nel pi\u00f9 breve tempo possibile\u201d, concludono.&nbsp;<\/p>\n","protected":false},"excerpt":{"rendered":"<p>INCENDI ABRUZZO, Conferenza Stampa LE CRITICIT\u00c0 E I TAGLI SONO CERTIFICATI NEL PIANO DELLA STESSA. La conferenza stampa<\/p>\n","protected":false},"author":1,"featured_media":607,"comment_status":"closed","ping_status":"closed","sticky":false,"template":"","format":"standard","meta":{"footnotes":""},"categories":[89,58],"tags":[13,275,1149,219,1148,1147,1150,14,1152,15,1151],"class_list":["post-605","post","type-post","status-publish","format-standard","has-post-thumbnail","hentry","category-notizie-in-primo-piano","category-politica","tag-abruzzo","tag-ambiente","tag-campagna-aib-regionale","tag-conferenza-stampa","tag-criticita","tag-incendi-abruzzo","tag-luciano-damico","tag-news","tag-patto-per-labruzzo","tag-politica","tag-regione-abruzzo"],"yoast_head":"<!-- This site is optimized with the Yoast SEO plugin v28.3 - https:\/\/yoast.com\/product\/yoast-seo-wordpress\/ -->\n<title>INCENDI ABRUZZO, L\u2019OPPOSIZIONE PRESENTA INTERPELLANZA SU PIANO ANTINCENDIO BOSCHIVO - RETE TV ITALIA NEWS<\/title>\n<meta name=\"description\" content=\"INCENDI ABRUZZO, Conferenza Stampa LE CRITICIT\u00c0 E I TAGLI SONO CERTIFICATI NEL PIANO DELLA STESSA.\" \/>\n<meta name=\"robots\" content=\"index, follow, max-snippet:-1, max-image-preview:large, max-video-preview:-1\" \/>\n<link rel=\"canonical\" href=\"https:\/\/www.retetvitalia.it\/news\/2026\/08\/25\/incendi-abruzzo-lopposizione-presenta-interpellanza-su-piano-antincendio-boschivo\/\" \/>\n<meta property=\"og:locale\" content=\"it_IT\" \/>\n<meta property=\"og:type\" content=\"article\" \/>\n<meta property=\"og:title\" content=\"INCENDI ABRUZZO, L\u2019OPPOSIZIONE PRESENTA INTERPELLANZA SU PIANO ANTINCENDIO BOSCHIVO - RETE TV ITALIA NEWS\" \/>\n<meta property=\"og:description\" content=\"INCENDI ABRUZZO, Conferenza Stampa LE CRITICIT\u00c0 E I TAGLI SONO CERTIFICATI NEL PIANO DELLA STESSA.\" \/>\n<meta property=\"og:url\" content=\"https:\/\/www.retetvitalia.it\/news\/2026\/08\/25\/incendi-abruzzo-lopposizione-presenta-interpellanza-su-piano-antincendio-boschivo\/\" \/>\n<meta property=\"og:site_name\" content=\"RETE TV ITALIA NEWS\" \/>\n<meta property=\"article:published_time\" content=\"2026-08-25T13:43:22+00:00\" \/>\n<meta property=\"og:image\" content=\"https:\/\/www.retetvitalia.it\/news\/wp-content\/uploads\/2026\/08\/Tavolo-conferenza-Patto-per-lAbruzzo.jpeg\" \/>\n\t<meta property=\"og:image:width\" content=\"1600\" \/>\n\t<meta property=\"og:image:height\" content=\"1066\" \/>\n\t<meta property=\"og:image:type\" content=\"image\/jpeg\" \/>\n<meta name=\"author\" content=\"amministratore\" \/>\n<meta name=\"twitter:card\" content=\"summary_large_image\" \/>\n<meta name=\"twitter:label1\" content=\"Scritto da\" \/>\n\t<meta name=\"twitter:data1\" content=\"amministratore\" \/>\n\t<meta name=\"twitter:label2\" content=\"Tempo di lettura stimato\" \/>\n\t<meta name=\"twitter:data2\" content=\"8 minuti\" \/>\n<script type=\"application\/ld+json\" class=\"yoast-schema-graph\">{\"@context\":\"https:\\\/\\\/schema.org\",\"@graph\":[{\"@type\":\"Article\",\"@id\":\"https:\\\/\\\/www.retetvitalia.it\\\/news\\\/2026\\\/08\\\/25\\\/incendi-abruzzo-lopposizione-presenta-interpellanza-su-piano-antincendio-boschivo\\\/#article\",\"isPartOf\":{\"@id\":\"https:\\\/\\\/www.retetvitalia.it\\\/news\\\/2026\\\/08\\\/25\\\/incendi-abruzzo-lopposizione-presenta-interpellanza-su-piano-antincendio-boschivo\\\/\"},\"author\":{\"name\":\"amministratore\",\"@id\":\"https:\\\/\\\/www.retetvitalia.it\\\/news\\\/#\\\/schema\\\/person\\\/931cd36cd7d43240855ccab6ba6df84f\"},\"headline\":\"INCENDI ABRUZZO, L\u2019OPPOSIZIONE PRESENTA INTERPELLANZA SU PIANO ANTINCENDIO BOSCHIVO\",\"datePublished\":\"2026-08-25T13:43:22+00:00\",\"mainEntityOfPage\":{\"@id\":\"https:\\\/\\\/www.retetvitalia.it\\\/news\\\/2026\\\/08\\\/25\\\/incendi-abruzzo-lopposizione-presenta-interpellanza-su-piano-antincendio-boschivo\\\/\"},\"wordCount\":1335,\"publisher\":{\"@id\":\"https:\\\/\\\/www.retetvitalia.it\\\/news\\\/#\\\/schema\\\/person\\\/931cd36cd7d43240855ccab6ba6df84f\"},\"image\":{\"@id\":\"https:\\\/\\\/www.retetvitalia.it\\\/news\\\/2026\\\/08\\\/25\\\/incendi-abruzzo-lopposizione-presenta-interpellanza-su-piano-antincendio-boschivo\\\/#primaryimage\"},\"thumbnailUrl\":\"https:\\\/\\\/www.retetvitalia.it\\\/news\\\/wp-content\\\/uploads\\\/2026\\\/08\\\/Tavolo-conferenza-Patto-per-lAbruzzo.jpeg\",\"keywords\":[\"Abruzzo\",\"ambiente\",\"Campagna AIB regionale\",\"Conferenza stampa\",\"criticit\u00e0\",\"Incendi Abruzzo\",\"Luciano D'Amico\",\"news\",\"Patto per l\u2019Abruzzo\",\"politica\",\"Regione Abruzzo\"],\"articleSection\":[\"Notizie in Primo Piano\",\"Politica\"],\"inLanguage\":\"it-IT\"},{\"@type\":\"WebPage\",\"@id\":\"https:\\\/\\\/www.retetvitalia.it\\\/news\\\/2026\\\/08\\\/25\\\/incendi-abruzzo-lopposizione-presenta-interpellanza-su-piano-antincendio-boschivo\\\/\",\"url\":\"https:\\\/\\\/www.retetvitalia.it\\\/news\\\/2026\\\/08\\\/25\\\/incendi-abruzzo-lopposizione-presenta-interpellanza-su-piano-antincendio-boschivo\\\/\",\"name\":\"INCENDI ABRUZZO, L\u2019OPPOSIZIONE PRESENTA INTERPELLANZA SU PIANO ANTINCENDIO BOSCHIVO - RETE TV ITALIA NEWS\",\"isPartOf\":{\"@id\":\"https:\\\/\\\/www.retetvitalia.it\\\/news\\\/#website\"},\"primaryImageOfPage\":{\"@id\":\"https:\\\/\\\/www.retetvitalia.it\\\/news\\\/2026\\\/08\\\/25\\\/incendi-abruzzo-lopposizione-presenta-interpellanza-su-piano-antincendio-boschivo\\\/#primaryimage\"},\"image\":{\"@id\":\"https:\\\/\\\/www.retetvitalia.it\\\/news\\\/2026\\\/08\\\/25\\\/incendi-abruzzo-lopposizione-presenta-interpellanza-su-piano-antincendio-boschivo\\\/#primaryimage\"},\"thumbnailUrl\":\"https:\\\/\\\/www.retetvitalia.it\\\/news\\\/wp-content\\\/uploads\\\/2026\\\/08\\\/Tavolo-conferenza-Patto-per-lAbruzzo.jpeg\",\"datePublished\":\"2026-08-25T13:43:22+00:00\",\"description\":\"INCENDI ABRUZZO, Conferenza Stampa LE CRITICIT\u00c0 E I TAGLI SONO CERTIFICATI NEL PIANO DELLA STESSA.\",\"breadcrumb\":{\"@id\":\"https:\\\/\\\/www.retetvitalia.it\\\/news\\\/2026\\\/08\\\/25\\\/incendi-abruzzo-lopposizione-presenta-interpellanza-su-piano-antincendio-boschivo\\\/#breadcrumb\"},\"inLanguage\":\"it-IT\",\"potentialAction\":[{\"@type\":\"ReadAction\",\"target\":[\"https:\\\/\\\/www.retetvitalia.it\\\/news\\\/2026\\\/08\\\/25\\\/incendi-abruzzo-lopposizione-presenta-interpellanza-su-piano-antincendio-boschivo\\\/\"]}]},{\"@type\":\"ImageObject\",\"inLanguage\":\"it-IT\",\"@id\":\"https:\\\/\\\/www.retetvitalia.it\\\/news\\\/2026\\\/08\\\/25\\\/incendi-abruzzo-lopposizione-presenta-interpellanza-su-piano-antincendio-boschivo\\\/#primaryimage\",\"url\":\"https:\\\/\\\/www.retetvitalia.it\\\/news\\\/wp-content\\\/uploads\\\/2026\\\/08\\\/Tavolo-conferenza-Patto-per-lAbruzzo.jpeg\",\"contentUrl\":\"https:\\\/\\\/www.retetvitalia.it\\\/news\\\/wp-content\\\/uploads\\\/2026\\\/08\\\/Tavolo-conferenza-Patto-per-lAbruzzo.jpeg\",\"width\":1600,\"height\":1066,\"caption\":\"Conferenza stampa INCENDI ABRUZZO, L\u2019OPPOSIZIONE PRESENTA INTERPELLANZA SU PIANO ANTINCENDIO BOSCHIVO\"},{\"@type\":\"BreadcrumbList\",\"@id\":\"https:\\\/\\\/www.retetvitalia.it\\\/news\\\/2026\\\/08\\\/25\\\/incendi-abruzzo-lopposizione-presenta-interpellanza-su-piano-antincendio-boschivo\\\/#breadcrumb\",\"itemListElement\":[{\"@type\":\"ListItem\",\"position\":1,\"name\":\"Home\",\"item\":\"https:\\\/\\\/www.retetvitalia.it\\\/news\\\/\"},{\"@type\":\"ListItem\",\"position\":2,\"name\":\"INCENDI ABRUZZO, L\u2019OPPOSIZIONE PRESENTA INTERPELLANZA SU PIANO ANTINCENDIO BOSCHIVO\"}]},{\"@type\":\"WebSite\",\"@id\":\"https:\\\/\\\/www.retetvitalia.it\\\/news\\\/#website\",\"url\":\"https:\\\/\\\/www.retetvitalia.it\\\/news\\\/\",\"name\":\"RETE TV ITALIA NEWS\",\"description\":\"\",\"publisher\":{\"@id\":\"https:\\\/\\\/www.retetvitalia.it\\\/news\\\/#\\\/schema\\\/person\\\/931cd36cd7d43240855ccab6ba6df84f\"},\"potentialAction\":[{\"@type\":\"SearchAction\",\"target\":{\"@type\":\"EntryPoint\",\"urlTemplate\":\"https:\\\/\\\/www.retetvitalia.it\\\/news\\\/?s={search_term_string}\"},\"query-input\":{\"@type\":\"PropertyValueSpecification\",\"valueRequired\":true,\"valueName\":\"search_term_string\"}}],\"inLanguage\":\"it-IT\"},{\"@type\":[\"Person\",\"Organization\"],\"@id\":\"https:\\\/\\\/www.retetvitalia.it\\\/news\\\/#\\\/schema\\\/person\\\/931cd36cd7d43240855ccab6ba6df84f\",\"name\":\"amministratore\",\"image\":{\"@type\":\"ImageObject\",\"inLanguage\":\"it-IT\",\"@id\":\"https:\\\/\\\/www.retetvitalia.it\\\/news\\\/wp-content\\\/uploads\\\/2025\\\/12\\\/Pelusi-Carmine-Donato-Regista-Editore.jpg\",\"url\":\"https:\\\/\\\/www.retetvitalia.it\\\/news\\\/wp-content\\\/uploads\\\/2025\\\/12\\\/Pelusi-Carmine-Donato-Regista-Editore.jpg\",\"contentUrl\":\"https:\\\/\\\/www.retetvitalia.it\\\/news\\\/wp-content\\\/uploads\\\/2025\\\/12\\\/Pelusi-Carmine-Donato-Regista-Editore.jpg\",\"width\":537,\"height\":537,\"caption\":\"amministratore\"},\"logo\":{\"@id\":\"https:\\\/\\\/www.retetvitalia.it\\\/news\\\/wp-content\\\/uploads\\\/2025\\\/12\\\/Pelusi-Carmine-Donato-Regista-Editore.jpg\"},\"sameAs\":[\"https:\\\/\\\/www.retetvitalia.it\\\/news\"],\"url\":\"https:\\\/\\\/www.retetvitalia.it\\\/news\\\/author\\\/admin\\\/\"}]}<\/script>\n<!-- \/ Yoast SEO plugin. -->","yoast_head_json":{"title":"INCENDI ABRUZZO, L\u2019OPPOSIZIONE PRESENTA INTERPELLANZA SU PIANO ANTINCENDIO BOSCHIVO - RETE TV ITALIA NEWS","description":"INCENDI ABRUZZO, Conferenza Stampa LE CRITICIT\u00c0 E I TAGLI SONO CERTIFICATI NEL PIANO DELLA STESSA.","robots":{"index":"index","follow":"follow","max-snippet":"max-snippet:-1","max-image-preview":"max-image-preview:large","max-video-preview":"max-video-preview:-1"},"canonical":"https:\/\/www.retetvitalia.it\/news\/2026\/08\/25\/incendi-abruzzo-lopposizione-presenta-interpellanza-su-piano-antincendio-boschivo\/","og_locale":"it_IT","og_type":"article","og_title":"INCENDI ABRUZZO, L\u2019OPPOSIZIONE PRESENTA INTERPELLANZA SU PIANO ANTINCENDIO BOSCHIVO - RETE TV ITALIA NEWS","og_description":"INCENDI ABRUZZO, Conferenza Stampa LE CRITICIT\u00c0 E I TAGLI SONO CERTIFICATI NEL PIANO DELLA STESSA.","og_url":"https:\/\/www.retetvitalia.it\/news\/2026\/08\/25\/incendi-abruzzo-lopposizione-presenta-interpellanza-su-piano-antincendio-boschivo\/","og_site_name":"RETE TV ITALIA NEWS","article_published_time":"2026-08-25T13:43:22+00:00","og_image":[{"width":1600,"height":1066,"url":"https:\/\/www.retetvitalia.it\/news\/wp-content\/uploads\/2026\/08\/Tavolo-conferenza-Patto-per-lAbruzzo.jpeg","type":"image\/jpeg"}],"author":"amministratore","twitter_card":"summary_large_image","twitter_misc":{"Scritto da":"amministratore","Tempo di lettura stimato":"8 minuti"},"schema":{"@context":"https:\/\/schema.org","@graph":[{"@type":"Article","@id":"https:\/\/www.retetvitalia.it\/news\/2026\/08\/25\/incendi-abruzzo-lopposizione-presenta-interpellanza-su-piano-antincendio-boschivo\/#article","isPartOf":{"@id":"https:\/\/www.retetvitalia.it\/news\/2026\/08\/25\/incendi-abruzzo-lopposizione-presenta-interpellanza-su-piano-antincendio-boschivo\/"},"author":{"name":"amministratore","@id":"https:\/\/www.retetvitalia.it\/news\/#\/schema\/person\/931cd36cd7d43240855ccab6ba6df84f"},"headline":"INCENDI ABRUZZO, L\u2019OPPOSIZIONE PRESENTA INTERPELLANZA SU PIANO ANTINCENDIO BOSCHIVO","datePublished":"2026-08-25T13:43:22+00:00","mainEntityOfPage":{"@id":"https:\/\/www.retetvitalia.it\/news\/2026\/08\/25\/incendi-abruzzo-lopposizione-presenta-interpellanza-su-piano-antincendio-boschivo\/"},"wordCount":1335,"publisher":{"@id":"https:\/\/www.retetvitalia.it\/news\/#\/schema\/person\/931cd36cd7d43240855ccab6ba6df84f"},"image":{"@id":"https:\/\/www.retetvitalia.it\/news\/2026\/08\/25\/incendi-abruzzo-lopposizione-presenta-interpellanza-su-piano-antincendio-boschivo\/#primaryimage"},"thumbnailUrl":"https:\/\/www.retetvitalia.it\/news\/wp-content\/uploads\/2026\/08\/Tavolo-conferenza-Patto-per-lAbruzzo.jpeg","keywords":["Abruzzo","ambiente","Campagna AIB regionale","Conferenza stampa","criticit\u00e0","Incendi Abruzzo","Luciano D'Amico","news","Patto per l\u2019Abruzzo","politica","Regione Abruzzo"],"articleSection":["Notizie in Primo Piano","Politica"],"inLanguage":"it-IT"},{"@type":"WebPage","@id":"https:\/\/www.retetvitalia.it\/news\/2026\/08\/25\/incendi-abruzzo-lopposizione-presenta-interpellanza-su-piano-antincendio-boschivo\/","url":"https:\/\/www.retetvitalia.it\/news\/2026\/08\/25\/incendi-abruzzo-lopposizione-presenta-interpellanza-su-piano-antincendio-boschivo\/","name":"INCENDI ABRUZZO, L\u2019OPPOSIZIONE PRESENTA INTERPELLANZA SU PIANO ANTINCENDIO BOSCHIVO - RETE TV ITALIA NEWS","isPartOf":{"@id":"https:\/\/www.retetvitalia.it\/news\/#website"},"primaryImageOfPage":{"@id":"https:\/\/www.retetvitalia.it\/news\/2026\/08\/25\/incendi-abruzzo-lopposizione-presenta-interpellanza-su-piano-antincendio-boschivo\/#primaryimage"},"image":{"@id":"https:\/\/www.retetvitalia.it\/news\/2026\/08\/25\/incendi-abruzzo-lopposizione-presenta-interpellanza-su-piano-antincendio-boschivo\/#primaryimage"},"thumbnailUrl":"https:\/\/www.retetvitalia.it\/news\/wp-content\/uploads\/2026\/08\/Tavolo-conferenza-Patto-per-lAbruzzo.jpeg","datePublished":"2026-08-25T13:43:22+00:00","description":"INCENDI ABRUZZO, Conferenza Stampa LE CRITICIT\u00c0 E I TAGLI SONO CERTIFICATI NEL PIANO DELLA STESSA.","breadcrumb":{"@id":"https:\/\/www.retetvitalia.it\/news\/2026\/08\/25\/incendi-abruzzo-lopposizione-presenta-interpellanza-su-piano-antincendio-boschivo\/#breadcrumb"},"inLanguage":"it-IT","potentialAction":[{"@type":"ReadAction","target":["https:\/\/www.retetvitalia.it\/news\/2026\/08\/25\/incendi-abruzzo-lopposizione-presenta-interpellanza-su-piano-antincendio-boschivo\/"]}]},{"@type":"ImageObject","inLanguage":"it-IT","@id":"https:\/\/www.retetvitalia.it\/news\/2026\/08\/25\/incendi-abruzzo-lopposizione-presenta-interpellanza-su-piano-antincendio-boschivo\/#primaryimage","url":"https:\/\/www.retetvitalia.it\/news\/wp-content\/uploads\/2026\/08\/Tavolo-conferenza-Patto-per-lAbruzzo.jpeg","contentUrl":"https:\/\/www.retetvitalia.it\/news\/wp-content\/uploads\/2026\/08\/Tavolo-conferenza-Patto-per-lAbruzzo.jpeg","width":1600,"height":1066,"caption":"Conferenza stampa INCENDI ABRUZZO, L\u2019OPPOSIZIONE PRESENTA INTERPELLANZA SU PIANO ANTINCENDIO BOSCHIVO"},{"@type":"BreadcrumbList","@id":"https:\/\/www.retetvitalia.it\/news\/2026\/08\/25\/incendi-abruzzo-lopposizione-presenta-interpellanza-su-piano-antincendio-boschivo\/#breadcrumb","itemListElement":[{"@type":"ListItem","position":1,"name":"Home","item":"https:\/\/www.retetvitalia.it\/news\/"},{"@type":"ListItem","position":2,"name":"INCENDI ABRUZZO, L\u2019OPPOSIZIONE PRESENTA INTERPELLANZA SU PIANO ANTINCENDIO BOSCHIVO"}]},{"@type":"WebSite","@id":"https:\/\/www.retetvitalia.it\/news\/#website","url":"https:\/\/www.retetvitalia.it\/news\/","name":"RETE TV ITALIA NEWS","description":"","publisher":{"@id":"https:\/\/www.retetvitalia.it\/news\/#\/schema\/person\/931cd36cd7d43240855ccab6ba6df84f"},"potentialAction":[{"@type":"SearchAction","target":{"@type":"EntryPoint","urlTemplate":"https:\/\/www.retetvitalia.it\/news\/?s={search_term_string}"},"query-input":{"@type":"PropertyValueSpecification","valueRequired":true,"valueName":"search_term_string"}}],"inLanguage":"it-IT"},{"@type":["Person","Organization"],"@id":"https:\/\/www.retetvitalia.it\/news\/#\/schema\/person\/931cd36cd7d43240855ccab6ba6df84f","name":"amministratore","image":{"@type":"ImageObject","inLanguage":"it-IT","@id":"https:\/\/www.retetvitalia.it\/news\/wp-content\/uploads\/2025\/12\/Pelusi-Carmine-Donato-Regista-Editore.jpg","url":"https:\/\/www.retetvitalia.it\/news\/wp-content\/uploads\/2025\/12\/Pelusi-Carmine-Donato-Regista-Editore.jpg","contentUrl":"https:\/\/www.retetvitalia.it\/news\/wp-content\/uploads\/2025\/12\/Pelusi-Carmine-Donato-Regista-Editore.jpg","width":537,"height":537,"caption":"amministratore"},"logo":{"@id":"https:\/\/www.retetvitalia.it\/news\/wp-content\/uploads\/2025\/12\/Pelusi-Carmine-Donato-Regista-Editore.jpg"},"sameAs":["https:\/\/www.retetvitalia.it\/news"],"url":"https:\/\/www.retetvitalia.it\/news\/author\/admin\/"}]}},"_links":{"self":[{"href":"https:\/\/www.retetvitalia.it\/news\/wp-json\/wp\/v2\/posts\/605","targetHints":{"allow":["GET"]}}],"collection":[{"href":"https:\/\/www.retetvitalia.it\/news\/wp-json\/wp\/v2\/posts"}],"about":[{"href":"https:\/\/www.retetvitalia.it\/news\/wp-json\/wp\/v2\/types\/post"}],"author":[{"embeddable":true,"href":"https:\/\/www.retetvitalia.it\/news\/wp-json\/wp\/v2\/users\/1"}],"replies":[{"embeddable":true,"href":"https:\/\/www.retetvitalia.it\/news\/wp-json\/wp\/v2\/comments?post=605"}],"version-history":[{"count":1,"href":"https:\/\/www.retetvitalia.it\/news\/wp-json\/wp\/v2\/posts\/605\/revisions"}],"predecessor-version":[{"id":608,"href":"https:\/\/www.retetvitalia.it\/news\/wp-json\/wp\/v2\/posts\/605\/revisions\/608"}],"wp:featuredmedia":[{"embeddable":true,"href":"https:\/\/www.retetvitalia.it\/news\/wp-json\/wp\/v2\/media\/607"}],"wp:attachment":[{"href":"https:\/\/www.retetvitalia.it\/news\/wp-json\/wp\/v2\/media?parent=605"}],"wp:term":[{"taxonomy":"category","embeddable":true,"href":"https:\/\/www.retetvitalia.it\/news\/wp-json\/wp\/v2\/categories?post=605"},{"taxonomy":"post_tag","embeddable":true,"href":"https:\/\/www.retetvitalia.it\/news\/wp-json\/wp\/v2\/tags?post=605"}],"curies":[{"name":"wp","href":"https:\/\/api.w.org\/{rel}","templated":true}]}}