{"id":612,"date":"2026-08-28T08:57:34","date_gmt":"2026-08-28T08:57:34","guid":{"rendered":"https:\/\/www.retetvitalia.it\/news\/?p=612"},"modified":"2026-08-28T08:57:35","modified_gmt":"2026-08-28T08:57:35","slug":"spiagge-della-salute-a-termoli","status":"publish","type":"post","link":"https:\/\/www.retetvitalia.it\/news\/2026\/08\/28\/spiagge-della-salute-a-termoli\/","title":{"rendered":"SPIAGGE DELLA SALUTE A TERMOLI"},"content":{"rendered":"\n<p class=\"wp-block-paragraph\"><strong><em>Domenica 30 agosto, al Lido Lampara, l\u2019ultima tappa dell\u2019evento itinerante: spazio a consulti medici gratuiti, momenti aggregativi e attivit\u00e0 dimostrative<\/em><\/strong><\/p>\n\n\n\n<p class=\"wp-block-paragraph\">TERMOLI, 28 AGOSTO \u2013 Si chiude a<strong>&nbsp;Termoli&nbsp;<\/strong>la seconda edizione dell\u2019evento itinerante&nbsp;<strong><em>Spiagge della Salute,<\/em><\/strong>&nbsp;che quest\u2019anno prevede&nbsp;<strong>10 tappe in altrettante localit\u00e0 balneari italiane<\/strong>. Le varie attivit\u00e0, che coniugano prevenzione, attivit\u00e0 motoria e divertimento, avranno luogo nelle pi\u00f9 grandi palestre a cielo aperto del nostro Paese: gli arenili. A pochi passi dal mare, dunque, residenti e turisti avranno l\u2019opportunit\u00e0 di sottoporsi a&nbsp;<strong>consulti medici gratuiti, in ambito dermatologico e nutrizionale,&nbsp;<\/strong>nel pieno rispetto della privacy. In parallelo, in spiaggia, saranno proposte varie&nbsp;<strong>attivit\u00e0 sportive, ludiche e aggregative,<\/strong>&nbsp;pensate per coinvolgere persone di tutte le et\u00e0.<\/p>\n\n\n\n<figure class=\"wp-block-image size-large\"><img loading=\"lazy\" decoding=\"async\" width=\"1024\" height=\"576\" src=\"https:\/\/www.retetvitalia.it\/news\/wp-content\/uploads\/2026\/08\/004-1024x576.jpg\" alt=\"\" class=\"wp-image-614\" srcset=\"https:\/\/www.retetvitalia.it\/news\/wp-content\/uploads\/2026\/08\/004-1024x576.jpg 1024w, https:\/\/www.retetvitalia.it\/news\/wp-content\/uploads\/2026\/08\/004-300x169.jpg 300w, https:\/\/www.retetvitalia.it\/news\/wp-content\/uploads\/2026\/08\/004-768x432.jpg 768w, https:\/\/www.retetvitalia.it\/news\/wp-content\/uploads\/2026\/08\/004-1536x864.jpg 1536w, https:\/\/www.retetvitalia.it\/news\/wp-content\/uploads\/2026\/08\/004.jpg 1920w\" sizes=\"auto, (max-width: 1024px) 100vw, 1024px\" \/><\/figure>\n\n\n\n<p class=\"wp-block-paragraph\">L\u2019appuntamento a Termoli, unica tappa in Molise, \u00e8 per&nbsp;<strong>domenica 30 agosto&nbsp;<\/strong>al<strong>&nbsp;Lido Lampara, dalle 9 alle 13&nbsp;<\/strong>e<strong>&nbsp;dalle 14 alle 18.<\/strong>&nbsp;La manifestazione, promossa da&nbsp;<strong>ASC Attivit\u00e0 Sportive Confederate<\/strong>, in collaborazione con il&nbsp;<strong>Sindacato Italiano Balneari (SIB<\/strong>) e con il patrocinio del&nbsp;<strong>Ministero del Lavoro e delle Politiche sociali<\/strong>, si svolger\u00e0 in due aree distinte. All\u2019interno del&nbsp;<em>truck della salute<\/em>&nbsp;si terranno i consulti medici gratuiti, curati da qualificati professionisti appartenenti alle societ\u00e0 scientifiche: lo&nbsp;<strong>sportello dermatologico,&nbsp;<\/strong>in collaborazione con l\u2019<strong>Associazione dermatologi ospedalieri italiani (ADOI)<\/strong>, &nbsp;focalizza l\u2019attenzione sui&nbsp; rischi derivanti dalla prolungata esposizione ai raggi solari e dalla mancata protezione della pelle; lo&nbsp;<strong>sportello nutrizionale,&nbsp;<\/strong>a cura dell\u2019<strong>&nbsp;Associazione Italiana Dietetica e Nutrizione Clinica (ADI),&nbsp;<\/strong>si concentra sui sani e corretti stili di vita, sull&#8217;importanza di un regime nutrizionale equilibrato e sull\u2019impatto esercitato dall&#8217;alimentazione sulla salute della pelle.<\/p>\n\n\n\n<figure class=\"wp-block-image size-large\"><img loading=\"lazy\" decoding=\"async\" width=\"1024\" height=\"576\" src=\"https:\/\/www.retetvitalia.it\/news\/wp-content\/uploads\/2026\/08\/001-1024x576.jpg\" alt=\"\" class=\"wp-image-615\" srcset=\"https:\/\/www.retetvitalia.it\/news\/wp-content\/uploads\/2026\/08\/001-1024x576.jpg 1024w, https:\/\/www.retetvitalia.it\/news\/wp-content\/uploads\/2026\/08\/001-300x169.jpg 300w, https:\/\/www.retetvitalia.it\/news\/wp-content\/uploads\/2026\/08\/001-768x432.jpg 768w, https:\/\/www.retetvitalia.it\/news\/wp-content\/uploads\/2026\/08\/001-1536x864.jpg 1536w, https:\/\/www.retetvitalia.it\/news\/wp-content\/uploads\/2026\/08\/001.jpg 1920w\" sizes=\"auto, (max-width: 1024px) 100vw, 1024px\" \/><\/figure>\n\n\n\n<p class=\"wp-block-paragraph\">A pochi passi dal\u00a0<em>truck della salute<\/em>, in spiaggia, sar\u00e0 invece allestita\u00a0<strong>l\u2019area dedicata alle altre<\/strong>\u00a0<strong>attivit\u00e0:\u00a0<\/strong>a Termoli spazio alla<strong>\u00a0danza,\u00a0<\/strong>con i qualificati operatori di Asd New Free Dance.Inoltre, grazie alla collaborazione con Cristian di Santo, presidente nazionale di Lifeguard Italia, e con la Societ\u00e0 italiana cani salvataggio (SICS), saranno proposte\u00a0<strong>dimostrazioni di salvamento<\/strong>\u00a0e informazioni utili sulla\u00a0<strong>prevenzione in acqua<\/strong>.<\/p>\n\n\n\n<figure class=\"wp-block-image size-large\"><img loading=\"lazy\" decoding=\"async\" width=\"1024\" height=\"575\" src=\"https:\/\/www.retetvitalia.it\/news\/wp-content\/uploads\/2026\/08\/006-1024x575.jpg\" alt=\"\" class=\"wp-image-616\" srcset=\"https:\/\/www.retetvitalia.it\/news\/wp-content\/uploads\/2026\/08\/006-1024x575.jpg 1024w, https:\/\/www.retetvitalia.it\/news\/wp-content\/uploads\/2026\/08\/006-300x169.jpg 300w, https:\/\/www.retetvitalia.it\/news\/wp-content\/uploads\/2026\/08\/006-767x431.jpg 767w, https:\/\/www.retetvitalia.it\/news\/wp-content\/uploads\/2026\/08\/006.jpg 1210w\" sizes=\"auto, (max-width: 1024px) 100vw, 1024px\" \/><\/figure>\n\n\n\n<p class=\"wp-block-paragraph\"><strong>LE 10 TAPPE<\/strong><\/p>\n\n\n\n<p class=\"wp-block-paragraph\"><strong>Pescara<\/strong>&nbsp;&#8211; Abruzzo (07 giugno);&nbsp;<strong>Varcaturo<\/strong>&nbsp;&#8211; Campania (14 giugno);&nbsp;<strong>Tarquinia&nbsp;<\/strong>&#8211; Lazio (21 giugno);&nbsp;<strong>Lido di Camaiore<\/strong>&nbsp;&#8211; Toscana (28 giugno);&nbsp;<strong>San Benedetto del Tronto<\/strong>&nbsp;&#8211; Marche (12 luglio);&nbsp;&nbsp;<strong>Savona<\/strong>&nbsp;&#8211; Liguria (19 luglio);&nbsp;<strong>San Pietro Vernotico<\/strong>&nbsp;&#8211; Puglia (26 luglio);&nbsp;<strong>Chioggia&nbsp;<\/strong>&#8211; Veneto (2 agosto);&nbsp;<strong>Casalbordino<\/strong>&nbsp;&#8211; Abruzzo (9 agosto);&nbsp;<strong>Termoli<\/strong>&nbsp;&#8211; Molise (30 agosto).<\/p>\n\n\n\n<p class=\"wp-block-paragraph\"><strong>HANNO DETTO<\/strong><em><\/em><\/p>\n\n\n\n<p class=\"wp-block-paragraph\"><strong>MARIA CECILIA MORANDINI<\/strong>, presidente nazionale A.S.C:<\/p>\n\n\n\n<p class=\"wp-block-paragraph\"><em>&#8220;Con questa seconda edizione di \u2018Spiagge della Salute\u2019&nbsp; A.S.C. intende riaffermare il proprio impegno nel portare lo sport e la cultura del benessere al di fuori dei contesti ordinari<\/em>.&nbsp;<em>Sport e salute sono due mondi strettamente connessi e trasformare le spiagge in presidi di prevenzione medica, significa rendere la sanit\u00e0 di prossimit\u00e0 una realt\u00e0 concreta. Siamo fieri di promuovere e sostenere questa iniziativa, un viaggio lungo le coste italiane che per noi non \u00e8 soltanto un evento itinerante, ma un grande patto tra associazionismo, istituzioni, sport e sanit\u00e0, volto a dimostrare che l\u2019attivit\u00e0 motoria, unita a corretti stili di vita, \u00e8 il miglior investimento per il futuro&#8221;.<\/em><\/p>\n\n\n\n<p class=\"wp-block-paragraph\"><strong>ANTONIO CAPACCHIONE<\/strong>, presidente nazionale SIB:<\/p>\n\n\n\n<p class=\"wp-block-paragraph\"><em>&#8220;Il modello di balneazione italiana rappresenta un unicum a livello mondiale, non solo per quantit\u00e0 e qualit\u00e0 della nostra offerta, ma anche e soprattutto perch\u00e9 da noi gli stabilimenti balneari hanno, di fatto, sostituito le piazze delle citt\u00e0 quali luoghi di incontro e socializzazione<\/em>.&nbsp;<em>L\u2019iniziativa \u00e8 stata pensata per integrare l\u2019offerta sportiva con quella balneare, arricchendo quest\u2019ultima di manifestazioni rivolte ad una clientela sempre pi\u00f9 esigente, in cerca di nuovi stimoli e nuove soddisfazioni, fornendo al contempo una preziosa opportunit\u00e0 per prendersi cura della propria salute\u201d.<\/em><\/p>\n\n\n\n<p class=\"wp-block-paragraph\"><strong>ORGANIZZAZIONE E PARTNER<\/strong><\/p>\n\n\n\n<p class=\"wp-block-paragraph\"><em>Spiagge della Salute<\/em>&nbsp;\u00e8 un evento promosso da ASC Attivit\u00e0 Sportive Confederate, in collaborazione con il Sindacato Italiano Balneari (SIB), con il patrocinio del Ministero del Lavoro e delle Politiche sociali, con il contributo scientifico&nbsp;dell\u2019Associazione Italiana Dietetica e Nutrizione Clinica (ADI) edell\u2019Associazione dermatologi ospedalieri italiani (ADOI), con il contributo non condizionato di Giuliani e con il supporto di Valsoia. Partner della manifestazione \u00e8 Lifeguard Italia.<strong><em>&nbsp;<\/em><\/strong><\/p>\n\n\n\n<p class=\"wp-block-paragraph\"><\/p>\n","protected":false},"excerpt":{"rendered":"<p>Domenica 30 agosto, al Lido Lampara, l\u2019ultima tappa dell\u2019evento itinerante: spazio a consulti medici gratuiti, momenti aggregativi e<\/p>\n","protected":false},"author":1,"featured_media":613,"comment_status":"closed","ping_status":"closed","sticky":false,"template":"","format":"standard","meta":{"footnotes":""},"categories":[24,89],"tags":[1169,1167,1173,1162,1161,1171,1166,1168,1170,1159,1160,1172,1165,1163,1164,1156,1157,1158],"class_list":["post-612","post","type-post","status-publish","format-standard","has-post-thumbnail","hentry","category-eventi","category-notizie-in-primo-piano","tag-adi","tag-adoi","tag-antonio-capacchione","tag-asc","tag-asc-attivita-sportive-confederate","tag-asd-new-free-dance","tag-associazione-dermatologi-ospedalieri-italian","tag-associazione-italiana-dietetica-e-nutrizione-clinica","tag-danza","tag-evento-itinerante","tag-localita-balneari","tag-maria-cecilia-morandini","tag-ministero-del-lavoro-e-delle-politiche-sociali","tag-sib","tag-sindacato-italiano-balneari","tag-spiagge","tag-spiagge-della-salute","tag-termoli"],"yoast_head":"<!-- This site is optimized with the Yoast SEO plugin v28.3 - https:\/\/yoast.com\/product\/yoast-seo-wordpress\/ -->\n<title>SPIAGGE DELLA SALUTE A TERMOLI - RETE TV ITALIA NEWS<\/title>\n<meta name=\"description\" content=\"Domenica 30 agosto, al Lido Lampara, l\u2019ultima tappa dell\u2019evento itinerante: spazio a consulti medici gratuiti, momenti aggregativi e attivit\u00e0 dimostrative\" \/>\n<meta name=\"robots\" content=\"index, follow, max-snippet:-1, max-image-preview:large, max-video-preview:-1\" \/>\n<link rel=\"canonical\" href=\"https:\/\/www.retetvitalia.it\/news\/2026\/08\/28\/spiagge-della-salute-a-termoli\/\" \/>\n<meta property=\"og:locale\" content=\"it_IT\" \/>\n<meta property=\"og:type\" content=\"article\" \/>\n<meta property=\"og:title\" content=\"SPIAGGE DELLA SALUTE A TERMOLI - RETE TV ITALIA NEWS\" \/>\n<meta property=\"og:description\" content=\"Domenica 30 agosto, al Lido Lampara, l\u2019ultima tappa dell\u2019evento itinerante: spazio a consulti medici gratuiti, momenti aggregativi e attivit\u00e0 dimostrative\" \/>\n<meta property=\"og:url\" content=\"https:\/\/www.retetvitalia.it\/news\/2026\/08\/28\/spiagge-della-salute-a-termoli\/\" \/>\n<meta property=\"og:site_name\" content=\"RETE TV ITALIA NEWS\" \/>\n<meta property=\"article:published_time\" content=\"2026-08-28T08:57:34+00:00\" \/>\n<meta property=\"article:modified_time\" content=\"2026-08-28T08:57:35+00:00\" \/>\n<meta property=\"og:image\" content=\"https:\/\/www.retetvitalia.it\/news\/wp-content\/uploads\/2026\/08\/002.jpeg\" \/>\n\t<meta property=\"og:image:width\" content=\"1285\" \/>\n\t<meta property=\"og:image:height\" content=\"1464\" \/>\n\t<meta property=\"og:image:type\" content=\"image\/jpeg\" \/>\n<meta name=\"author\" content=\"amministratore\" \/>\n<meta name=\"twitter:card\" content=\"summary_large_image\" \/>\n<meta name=\"twitter:label1\" content=\"Scritto da\" \/>\n\t<meta name=\"twitter:data1\" content=\"amministratore\" \/>\n\t<meta name=\"twitter:label2\" content=\"Tempo di lettura stimato\" \/>\n\t<meta name=\"twitter:data2\" content=\"5 minuti\" \/>\n<script type=\"application\/ld+json\" class=\"yoast-schema-graph\">{\"@context\":\"https:\\\/\\\/schema.org\",\"@graph\":[{\"@type\":\"Article\",\"@id\":\"https:\\\/\\\/www.retetvitalia.it\\\/news\\\/2026\\\/08\\\/28\\\/spiagge-della-salute-a-termoli\\\/#article\",\"isPartOf\":{\"@id\":\"https:\\\/\\\/www.retetvitalia.it\\\/news\\\/2026\\\/08\\\/28\\\/spiagge-della-salute-a-termoli\\\/\"},\"author\":{\"name\":\"amministratore\",\"@id\":\"https:\\\/\\\/www.retetvitalia.it\\\/news\\\/#\\\/schema\\\/person\\\/931cd36cd7d43240855ccab6ba6df84f\"},\"headline\":\"SPIAGGE DELLA SALUTE A TERMOLI\",\"datePublished\":\"2026-08-28T08:57:34+00:00\",\"dateModified\":\"2026-08-28T08:57:35+00:00\",\"mainEntityOfPage\":{\"@id\":\"https:\\\/\\\/www.retetvitalia.it\\\/news\\\/2026\\\/08\\\/28\\\/spiagge-della-salute-a-termoli\\\/\"},\"wordCount\":713,\"publisher\":{\"@id\":\"https:\\\/\\\/www.retetvitalia.it\\\/news\\\/#\\\/schema\\\/person\\\/931cd36cd7d43240855ccab6ba6df84f\"},\"image\":{\"@id\":\"https:\\\/\\\/www.retetvitalia.it\\\/news\\\/2026\\\/08\\\/28\\\/spiagge-della-salute-a-termoli\\\/#primaryimage\"},\"thumbnailUrl\":\"https:\\\/\\\/www.retetvitalia.it\\\/news\\\/wp-content\\\/uploads\\\/2026\\\/08\\\/002.jpeg\",\"keywords\":[\"ADI\",\"ADOI\",\"ANTONIO CAPACCHIONE\",\"ASC\",\"ASC Attivit\u00e0 Sportive Confederate\",\"Asd New Free Dance\",\"Associazione dermatologi ospedalieri italian\",\"Associazione Italiana Dietetica e Nutrizione Clinica\",\"Danza\",\"evento itinerante\",\"localit\u00e0 balneari\",\"MARIA CECILIA MORANDINI\",\"Ministero del Lavoro e delle Politiche sociali\",\"SIB\",\"Sindacato Italiano Balneari\",\"Spiagge\",\"Spiagge della salute\",\"Termoli\"],\"articleSection\":[\"Eventi\",\"Notizie in Primo Piano\"],\"inLanguage\":\"it-IT\"},{\"@type\":\"WebPage\",\"@id\":\"https:\\\/\\\/www.retetvitalia.it\\\/news\\\/2026\\\/08\\\/28\\\/spiagge-della-salute-a-termoli\\\/\",\"url\":\"https:\\\/\\\/www.retetvitalia.it\\\/news\\\/2026\\\/08\\\/28\\\/spiagge-della-salute-a-termoli\\\/\",\"name\":\"SPIAGGE DELLA SALUTE A TERMOLI - RETE TV ITALIA NEWS\",\"isPartOf\":{\"@id\":\"https:\\\/\\\/www.retetvitalia.it\\\/news\\\/#website\"},\"primaryImageOfPage\":{\"@id\":\"https:\\\/\\\/www.retetvitalia.it\\\/news\\\/2026\\\/08\\\/28\\\/spiagge-della-salute-a-termoli\\\/#primaryimage\"},\"image\":{\"@id\":\"https:\\\/\\\/www.retetvitalia.it\\\/news\\\/2026\\\/08\\\/28\\\/spiagge-della-salute-a-termoli\\\/#primaryimage\"},\"thumbnailUrl\":\"https:\\\/\\\/www.retetvitalia.it\\\/news\\\/wp-content\\\/uploads\\\/2026\\\/08\\\/002.jpeg\",\"datePublished\":\"2026-08-28T08:57:34+00:00\",\"dateModified\":\"2026-08-28T08:57:35+00:00\",\"description\":\"Domenica 30 agosto, al Lido Lampara, l\u2019ultima tappa dell\u2019evento itinerante: spazio a consulti medici gratuiti, momenti aggregativi e attivit\u00e0 dimostrative\",\"breadcrumb\":{\"@id\":\"https:\\\/\\\/www.retetvitalia.it\\\/news\\\/2026\\\/08\\\/28\\\/spiagge-della-salute-a-termoli\\\/#breadcrumb\"},\"inLanguage\":\"it-IT\",\"potentialAction\":[{\"@type\":\"ReadAction\",\"target\":[\"https:\\\/\\\/www.retetvitalia.it\\\/news\\\/2026\\\/08\\\/28\\\/spiagge-della-salute-a-termoli\\\/\"]}]},{\"@type\":\"ImageObject\",\"inLanguage\":\"it-IT\",\"@id\":\"https:\\\/\\\/www.retetvitalia.it\\\/news\\\/2026\\\/08\\\/28\\\/spiagge-della-salute-a-termoli\\\/#primaryimage\",\"url\":\"https:\\\/\\\/www.retetvitalia.it\\\/news\\\/wp-content\\\/uploads\\\/2026\\\/08\\\/002.jpeg\",\"contentUrl\":\"https:\\\/\\\/www.retetvitalia.it\\\/news\\\/wp-content\\\/uploads\\\/2026\\\/08\\\/002.jpeg\",\"width\":1285,\"height\":1464,\"caption\":\"Spiagge della Salute\"},{\"@type\":\"BreadcrumbList\",\"@id\":\"https:\\\/\\\/www.retetvitalia.it\\\/news\\\/2026\\\/08\\\/28\\\/spiagge-della-salute-a-termoli\\\/#breadcrumb\",\"itemListElement\":[{\"@type\":\"ListItem\",\"position\":1,\"name\":\"Home\",\"item\":\"https:\\\/\\\/www.retetvitalia.it\\\/news\\\/\"},{\"@type\":\"ListItem\",\"position\":2,\"name\":\"SPIAGGE DELLA SALUTE A TERMOLI\"}]},{\"@type\":\"WebSite\",\"@id\":\"https:\\\/\\\/www.retetvitalia.it\\\/news\\\/#website\",\"url\":\"https:\\\/\\\/www.retetvitalia.it\\\/news\\\/\",\"name\":\"RETE TV ITALIA NEWS\",\"description\":\"\",\"publisher\":{\"@id\":\"https:\\\/\\\/www.retetvitalia.it\\\/news\\\/#\\\/schema\\\/person\\\/931cd36cd7d43240855ccab6ba6df84f\"},\"potentialAction\":[{\"@type\":\"SearchAction\",\"target\":{\"@type\":\"EntryPoint\",\"urlTemplate\":\"https:\\\/\\\/www.retetvitalia.it\\\/news\\\/?s={search_term_string}\"},\"query-input\":{\"@type\":\"PropertyValueSpecification\",\"valueRequired\":true,\"valueName\":\"search_term_string\"}}],\"inLanguage\":\"it-IT\"},{\"@type\":[\"Person\",\"Organization\"],\"@id\":\"https:\\\/\\\/www.retetvitalia.it\\\/news\\\/#\\\/schema\\\/person\\\/931cd36cd7d43240855ccab6ba6df84f\",\"name\":\"amministratore\",\"image\":{\"@type\":\"ImageObject\",\"inLanguage\":\"it-IT\",\"@id\":\"https:\\\/\\\/www.retetvitalia.it\\\/news\\\/wp-content\\\/uploads\\\/2025\\\/12\\\/Pelusi-Carmine-Donato-Regista-Editore.jpg\",\"url\":\"https:\\\/\\\/www.retetvitalia.it\\\/news\\\/wp-content\\\/uploads\\\/2025\\\/12\\\/Pelusi-Carmine-Donato-Regista-Editore.jpg\",\"contentUrl\":\"https:\\\/\\\/www.retetvitalia.it\\\/news\\\/wp-content\\\/uploads\\\/2025\\\/12\\\/Pelusi-Carmine-Donato-Regista-Editore.jpg\",\"width\":537,\"height\":537,\"caption\":\"amministratore\"},\"logo\":{\"@id\":\"https:\\\/\\\/www.retetvitalia.it\\\/news\\\/wp-content\\\/uploads\\\/2025\\\/12\\\/Pelusi-Carmine-Donato-Regista-Editore.jpg\"},\"sameAs\":[\"https:\\\/\\\/www.retetvitalia.it\\\/news\"],\"url\":\"https:\\\/\\\/www.retetvitalia.it\\\/news\\\/author\\\/admin\\\/\"}]}<\/script>\n<!-- \/ Yoast SEO plugin. -->","yoast_head_json":{"title":"SPIAGGE DELLA SALUTE A TERMOLI - RETE TV ITALIA NEWS","description":"Domenica 30 agosto, al Lido Lampara, l\u2019ultima tappa dell\u2019evento itinerante: spazio a consulti medici gratuiti, momenti aggregativi e attivit\u00e0 dimostrative","robots":{"index":"index","follow":"follow","max-snippet":"max-snippet:-1","max-image-preview":"max-image-preview:large","max-video-preview":"max-video-preview:-1"},"canonical":"https:\/\/www.retetvitalia.it\/news\/2026\/08\/28\/spiagge-della-salute-a-termoli\/","og_locale":"it_IT","og_type":"article","og_title":"SPIAGGE DELLA SALUTE A TERMOLI - RETE TV ITALIA NEWS","og_description":"Domenica 30 agosto, al Lido Lampara, l\u2019ultima tappa dell\u2019evento itinerante: spazio a consulti medici gratuiti, momenti aggregativi e attivit\u00e0 dimostrative","og_url":"https:\/\/www.retetvitalia.it\/news\/2026\/08\/28\/spiagge-della-salute-a-termoli\/","og_site_name":"RETE TV ITALIA NEWS","article_published_time":"2026-08-28T08:57:34+00:00","article_modified_time":"2026-08-28T08:57:35+00:00","og_image":[{"width":1285,"height":1464,"url":"https:\/\/www.retetvitalia.it\/news\/wp-content\/uploads\/2026\/08\/002.jpeg","type":"image\/jpeg"}],"author":"amministratore","twitter_card":"summary_large_image","twitter_misc":{"Scritto da":"amministratore","Tempo di lettura stimato":"5 minuti"},"schema":{"@context":"https:\/\/schema.org","@graph":[{"@type":"Article","@id":"https:\/\/www.retetvitalia.it\/news\/2026\/08\/28\/spiagge-della-salute-a-termoli\/#article","isPartOf":{"@id":"https:\/\/www.retetvitalia.it\/news\/2026\/08\/28\/spiagge-della-salute-a-termoli\/"},"author":{"name":"amministratore","@id":"https:\/\/www.retetvitalia.it\/news\/#\/schema\/person\/931cd36cd7d43240855ccab6ba6df84f"},"headline":"SPIAGGE DELLA SALUTE A TERMOLI","datePublished":"2026-08-28T08:57:34+00:00","dateModified":"2026-08-28T08:57:35+00:00","mainEntityOfPage":{"@id":"https:\/\/www.retetvitalia.it\/news\/2026\/08\/28\/spiagge-della-salute-a-termoli\/"},"wordCount":713,"publisher":{"@id":"https:\/\/www.retetvitalia.it\/news\/#\/schema\/person\/931cd36cd7d43240855ccab6ba6df84f"},"image":{"@id":"https:\/\/www.retetvitalia.it\/news\/2026\/08\/28\/spiagge-della-salute-a-termoli\/#primaryimage"},"thumbnailUrl":"https:\/\/www.retetvitalia.it\/news\/wp-content\/uploads\/2026\/08\/002.jpeg","keywords":["ADI","ADOI","ANTONIO CAPACCHIONE","ASC","ASC Attivit\u00e0 Sportive Confederate","Asd New Free Dance","Associazione dermatologi ospedalieri italian","Associazione Italiana Dietetica e Nutrizione Clinica","Danza","evento itinerante","localit\u00e0 balneari","MARIA CECILIA MORANDINI","Ministero del Lavoro e delle Politiche sociali","SIB","Sindacato Italiano Balneari","Spiagge","Spiagge della salute","Termoli"],"articleSection":["Eventi","Notizie in Primo Piano"],"inLanguage":"it-IT"},{"@type":"WebPage","@id":"https:\/\/www.retetvitalia.it\/news\/2026\/08\/28\/spiagge-della-salute-a-termoli\/","url":"https:\/\/www.retetvitalia.it\/news\/2026\/08\/28\/spiagge-della-salute-a-termoli\/","name":"SPIAGGE DELLA SALUTE A TERMOLI - RETE TV ITALIA NEWS","isPartOf":{"@id":"https:\/\/www.retetvitalia.it\/news\/#website"},"primaryImageOfPage":{"@id":"https:\/\/www.retetvitalia.it\/news\/2026\/08\/28\/spiagge-della-salute-a-termoli\/#primaryimage"},"image":{"@id":"https:\/\/www.retetvitalia.it\/news\/2026\/08\/28\/spiagge-della-salute-a-termoli\/#primaryimage"},"thumbnailUrl":"https:\/\/www.retetvitalia.it\/news\/wp-content\/uploads\/2026\/08\/002.jpeg","datePublished":"2026-08-28T08:57:34+00:00","dateModified":"2026-08-28T08:57:35+00:00","description":"Domenica 30 agosto, al Lido Lampara, l\u2019ultima tappa dell\u2019evento itinerante: spazio a consulti medici gratuiti, momenti aggregativi e attivit\u00e0 dimostrative","breadcrumb":{"@id":"https:\/\/www.retetvitalia.it\/news\/2026\/08\/28\/spiagge-della-salute-a-termoli\/#breadcrumb"},"inLanguage":"it-IT","potentialAction":[{"@type":"ReadAction","target":["https:\/\/www.retetvitalia.it\/news\/2026\/08\/28\/spiagge-della-salute-a-termoli\/"]}]},{"@type":"ImageObject","inLanguage":"it-IT","@id":"https:\/\/www.retetvitalia.it\/news\/2026\/08\/28\/spiagge-della-salute-a-termoli\/#primaryimage","url":"https:\/\/www.retetvitalia.it\/news\/wp-content\/uploads\/2026\/08\/002.jpeg","contentUrl":"https:\/\/www.retetvitalia.it\/news\/wp-content\/uploads\/2026\/08\/002.jpeg","width":1285,"height":1464,"caption":"Spiagge della Salute"},{"@type":"BreadcrumbList","@id":"https:\/\/www.retetvitalia.it\/news\/2026\/08\/28\/spiagge-della-salute-a-termoli\/#breadcrumb","itemListElement":[{"@type":"ListItem","position":1,"name":"Home","item":"https:\/\/www.retetvitalia.it\/news\/"},{"@type":"ListItem","position":2,"name":"SPIAGGE DELLA SALUTE A TERMOLI"}]},{"@type":"WebSite","@id":"https:\/\/www.retetvitalia.it\/news\/#website","url":"https:\/\/www.retetvitalia.it\/news\/","name":"RETE TV ITALIA NEWS","description":"","publisher":{"@id":"https:\/\/www.retetvitalia.it\/news\/#\/schema\/person\/931cd36cd7d43240855ccab6ba6df84f"},"potentialAction":[{"@type":"SearchAction","target":{"@type":"EntryPoint","urlTemplate":"https:\/\/www.retetvitalia.it\/news\/?s={search_term_string}"},"query-input":{"@type":"PropertyValueSpecification","valueRequired":true,"valueName":"search_term_string"}}],"inLanguage":"it-IT"},{"@type":["Person","Organization"],"@id":"https:\/\/www.retetvitalia.it\/news\/#\/schema\/person\/931cd36cd7d43240855ccab6ba6df84f","name":"amministratore","image":{"@type":"ImageObject","inLanguage":"it-IT","@id":"https:\/\/www.retetvitalia.it\/news\/wp-content\/uploads\/2025\/12\/Pelusi-Carmine-Donato-Regista-Editore.jpg","url":"https:\/\/www.retetvitalia.it\/news\/wp-content\/uploads\/2025\/12\/Pelusi-Carmine-Donato-Regista-Editore.jpg","contentUrl":"https:\/\/www.retetvitalia.it\/news\/wp-content\/uploads\/2025\/12\/Pelusi-Carmine-Donato-Regista-Editore.jpg","width":537,"height":537,"caption":"amministratore"},"logo":{"@id":"https:\/\/www.retetvitalia.it\/news\/wp-content\/uploads\/2025\/12\/Pelusi-Carmine-Donato-Regista-Editore.jpg"},"sameAs":["https:\/\/www.retetvitalia.it\/news"],"url":"https:\/\/www.retetvitalia.it\/news\/author\/admin\/"}]}},"_links":{"self":[{"href":"https:\/\/www.retetvitalia.it\/news\/wp-json\/wp\/v2\/posts\/612","targetHints":{"allow":["GET"]}}],"collection":[{"href":"https:\/\/www.retetvitalia.it\/news\/wp-json\/wp\/v2\/posts"}],"about":[{"href":"https:\/\/www.retetvitalia.it\/news\/wp-json\/wp\/v2\/types\/post"}],"author":[{"embeddable":true,"href":"https:\/\/www.retetvitalia.it\/news\/wp-json\/wp\/v2\/users\/1"}],"replies":[{"embeddable":true,"href":"https:\/\/www.retetvitalia.it\/news\/wp-json\/wp\/v2\/comments?post=612"}],"version-history":[{"count":1,"href":"https:\/\/www.retetvitalia.it\/news\/wp-json\/wp\/v2\/posts\/612\/revisions"}],"predecessor-version":[{"id":617,"href":"https:\/\/www.retetvitalia.it\/news\/wp-json\/wp\/v2\/posts\/612\/revisions\/617"}],"wp:featuredmedia":[{"embeddable":true,"href":"https:\/\/www.retetvitalia.it\/news\/wp-json\/wp\/v2\/media\/613"}],"wp:attachment":[{"href":"https:\/\/www.retetvitalia.it\/news\/wp-json\/wp\/v2\/media?parent=612"}],"wp:term":[{"taxonomy":"category","embeddable":true,"href":"https:\/\/www.retetvitalia.it\/news\/wp-json\/wp\/v2\/categories?post=612"},{"taxonomy":"post_tag","embeddable":true,"href":"https:\/\/www.retetvitalia.it\/news\/wp-json\/wp\/v2\/tags?post=612"}],"curies":[{"name":"wp","href":"https:\/\/api.w.org\/{rel}","templated":true}]}}